{"id":146,"date":"2009-05-25T09:19:54","date_gmt":"2009-05-25T08:19:54","guid":{"rendered":"http:\/\/150.128.190.213\/oth\/?p=146"},"modified":"2009-05-25T09:19:54","modified_gmt":"2009-05-25T08:19:54","slug":"presentacion-del-monografico-nuevas-formas-de-habitar","status":"publish","type":"post","link":"https:\/\/tendenciashabitat.com\/?p=146","title":{"rendered":"Presentaci\u00f3n del monogr\u00e1fico Nuevas Formas de Habitar"},"content":{"rendered":"<p>El jueves 28 de mayo presentamos nuestra nueva publicaci\u00f3n (&#8216;Nuevas Formas de Habitar&#8217;). La presentaci\u00f3n ser\u00e1 en las instalaciones de AITEX en Alcoi a las 12:00h y, por supuesto, est\u00e1is todos invitados para celebrar con nosotros el nacimiento de nuestro \u00faltimo libro. <a href=\"http:\/\/150.128.190.213\/oth\/uploads\/noticia\/17_VISTAZO%20AL%20MONOGR\u00c3\u0081FICO.pdf\" target=\"_blank\">Aqu\u00ed puedes ver un extracto del mismo<\/a>.<\/p>\n<p>Para aquellos que os venga mal, iremos haciendo jornadas sobre el contenido de la publicaci\u00f3n en diferentes sitios, de momento en nuestros propios institutos:<\/p>\n<p><a href=\"http:\/\/150.128.190.213\/oth\/?cal=1&amp;anyo=2009&amp;mes=6\" target=\"_self\">10 de junio en ITC<\/a> (Castell\u00f3n)<\/p>\n<p>23 de junio en AITEX (Onteniente)<\/p>\n<p>03 de julio\u00a0en AIDIMA (Valencia)<\/p>\n<div id=\"attachment_147\" style=\"width: 690px\" class=\"wp-caption aligncenter\"><img aria-describedby=\"caption-attachment-147\" loading=\"lazy\" class=\"size-full wp-image-147 \" title=\"mono\" src=\"http:\/\/150.128.190.213\/oth\/wp-content\/uploads\/2009\/05\/mono.jpg\" alt=\"Los asistentes a las jornadas recibir\u00e1n una copia del monogr\u00e1ficos Nuevas Formas de Habitar\" width=\"680\" height=\"454\" \/><p id=\"caption-attachment-147\" class=\"wp-caption-text\">Los asistentes a las jornadas recibir\u00e1n una copia del monogr\u00e1ficos Nuevas Formas de Habitar<\/p><\/div>\n<!-- AddThis Advanced Settings generic via filter on the_content --><!-- AddThis Share Buttons generic via filter on the_content -->","protected":false},"excerpt":{"rendered":"<p>El jueves 28 de mayo presentamos nuestra nueva publicaci\u00f3n (&#8216;Nuevas Formas de Habitar&#8217;). La presentaci\u00f3n ser\u00e1 en las instalaciones de AITEX en Alcoi a las 12:00h y, por supuesto, est\u00e1is todos invitados para celebrar con nosotros el nacimiento de nuestro \u00faltimo libro. Aqu\u00ed puedes ver un&#46;&#46;&#46;<!-- AddThis Advanced Settings generic via filter on get_the_excerpt --><!-- AddThis Share Buttons generic via filter on get_the_excerpt --><\/p>\n","protected":false},"author":7,"featured_media":0,"comment_status":"open","ping_status":"open","sticky":false,"template":"","format":"standard","meta":{"_mi_skip_tracking":false,"_links_to":"","_links_to_target":""},"categories":[3,4,8,11,13,18,19,20,22,25,28],"tags":[],"_links":{"self":[{"href":"https:\/\/tendenciashabitat.com\/index.php?rest_route=\/wp\/v2\/posts\/146"}],"collection":[{"href":"https:\/\/tendenciashabitat.com\/index.php?rest_route=\/wp\/v2\/posts"}],"about":[{"href":"https:\/\/tendenciashabitat.com\/index.php?rest_route=\/wp\/v2\/types\/post"}],"author":[{"embeddable":true,"href":"https:\/\/tendenciashabitat.com\/index.php?rest_route=\/wp\/v2\/users\/7"}],"replies":[{"embeddable":true,"href":"https:\/\/tendenciashabitat.com\/index.php?rest_route=%2Fwp%2Fv2%2Fcomments&post=146"}],"version-history":[{"count":0,"href":"https:\/\/tendenciashabitat.com\/index.php?rest_route=\/wp\/v2\/posts\/146\/revisions"}],"wp:attachment":[{"href":"https:\/\/tendenciashabitat.com\/index.php?rest_route=%2Fwp%2Fv2%2Fmedia&parent=146"}],"wp:term":[{"taxonomy":"category","embeddable":true,"href":"https:\/\/tendenciashabitat.com\/index.php?rest_route=%2Fwp%2Fv2%2Fcategories&post=146"},{"taxonomy":"post_tag","embeddable":true,"href":"https:\/\/tendenciashabitat.com\/index.php?rest_route=%2Fwp%2Fv2%2Ftags&post=146"}],"curies":[{"name":"wp","href":"https:\/\/api.w.org\/{rel}","templated":true}]}}