{"id":1916,"date":"2012-03-27T10:23:57","date_gmt":"2012-03-27T09:23:57","guid":{"rendered":"http:\/\/blogitc.itc.uji.es\/?p=1916"},"modified":"2012-03-27T10:23:57","modified_gmt":"2012-03-27T09:23:57","slug":"un-calendario-magico","status":"publish","type":"post","link":"https:\/\/tendenciashabitat.com\/?p=1916","title":{"rendered":"UN CALENDARIO M\u00c1GICO"},"content":{"rendered":"<p>Desde el dise\u00f1o gr\u00e1fico se hacen propuestas que son verdaderas obras de arte. Piezas caracterizadas por la dedicaci\u00f3n y un dise\u00f1o artesanal y cuidado. Como estos calendarios de<a href=\"http:\/\/www.pattern-matters.com\/#735737\/ABOUT-PATTERN-MATTERS \" target=\"_blank\"> Pattern Matters<\/a>.<\/p>\n<p><img loading=\"lazy\" class=\"alignnone size-full wp-image-1917\" title=\"3\" src=\"http:\/\/oth.aidimmeblogs.aidimme.es\/wp-content\/uploads\/sites\/5\/2011\/06\/3.jpg\" alt=\"3\" width=\"330\" height=\"495\" \/><img loading=\"lazy\" class=\"alignnone size-full wp-image-1918\" title=\"4\" src=\"http:\/\/oth.aidimmeblogs.aidimme.es\/wp-content\/uploads\/sites\/5\/2011\/06\/4.jpg\" alt=\"4\" width=\"330\" height=\"495\" \/><\/p>\n<!-- AddThis Advanced Settings generic via filter on the_content --><!-- AddThis Share Buttons generic via filter on the_content -->","protected":false},"excerpt":{"rendered":"<p>Desde el dise\u00f1o gr\u00e1fico se hacen propuestas que son verdaderas obras de arte. Piezas caracterizadas por la dedicaci\u00f3n y un dise\u00f1o artesanal y cuidado. Como estos calendarios de Pattern Matters.<!-- AddThis Advanced Settings generic via filter on get_the_excerpt --><!-- AddThis Share Buttons generic via filter on get_the_excerpt --><\/p>\n","protected":false},"author":14,"featured_media":0,"comment_status":"open","ping_status":"open","sticky":false,"template":"","format":"standard","meta":{"_mi_skip_tracking":false,"_links_to":"","_links_to_target":""},"categories":[11,16],"tags":[],"_links":{"self":[{"href":"https:\/\/tendenciashabitat.com\/index.php?rest_route=\/wp\/v2\/posts\/1916"}],"collection":[{"href":"https:\/\/tendenciashabitat.com\/index.php?rest_route=\/wp\/v2\/posts"}],"about":[{"href":"https:\/\/tendenciashabitat.com\/index.php?rest_route=\/wp\/v2\/types\/post"}],"author":[{"embeddable":true,"href":"https:\/\/tendenciashabitat.com\/index.php?rest_route=\/wp\/v2\/users\/14"}],"replies":[{"embeddable":true,"href":"https:\/\/tendenciashabitat.com\/index.php?rest_route=%2Fwp%2Fv2%2Fcomments&post=1916"}],"version-history":[{"count":0,"href":"https:\/\/tendenciashabitat.com\/index.php?rest_route=\/wp\/v2\/posts\/1916\/revisions"}],"wp:attachment":[{"href":"https:\/\/tendenciashabitat.com\/index.php?rest_route=%2Fwp%2Fv2%2Fmedia&parent=1916"}],"wp:term":[{"taxonomy":"category","embeddable":true,"href":"https:\/\/tendenciashabitat.com\/index.php?rest_route=%2Fwp%2Fv2%2Fcategories&post=1916"},{"taxonomy":"post_tag","embeddable":true,"href":"https:\/\/tendenciashabitat.com\/index.php?rest_route=%2Fwp%2Fv2%2Ftags&post=1916"}],"curies":[{"name":"wp","href":"https:\/\/api.w.org\/{rel}","templated":true}]}}