{"id":316,"date":"2009-11-05T12:26:17","date_gmt":"2009-11-05T11:26:17","guid":{"rendered":"http:\/\/blogitc.itc.uji.es\/?p=316"},"modified":"2009-11-05T12:26:17","modified_gmt":"2009-11-05T11:26:17","slug":"charla-de-tendencias-en-vinaros","status":"publish","type":"post","link":"https:\/\/tendenciashabitat.com\/?p=316","title":{"rendered":"Charla de tendencias en Vinar\u00f2s"},"content":{"rendered":"<p><span style=\"color: #000000;\">El pr\u00f3ximo 11 de diciembre estaremos en la jornada &#8216;Tendencias. \u00daltimas tendencias en dise\u00f1o de mueble e iluminaci\u00f3n. 2009&#8217;.\u00a0 Para todo aquel que quiera asistir puede encontrar la informaci\u00f3n necesaria <a href=\"http:\/\/www.uji.es\/bin\/serveis\/scp\/accp\/campusobert\/activi\/09\/tenden09.pdf\" target=\"_blank\">aqu\u00ed<\/a>.<\/span><\/p>\n<p><span style=\"font-size: x-small;\"><span style=\"color: #000000;\"><em>La finalidad de este seminario es la de abordar el dise\u00f1o de mobiliario e iluminaci\u00f3n desde diferentes puntos de vista aportados por empresarios y dise\u00f1adores de reconocido prestigio analizando la pr\u00e1ctica y la teor\u00eda actual de estos sectores, lo que nos permitir\u00e1 apuntar hacia d\u00f3nde se dirige el dise\u00f1o del siglo XXI.<\/em><\/span><\/span><\/p>\n<p><span style=\"font-size: x-small; font-family: TrebuchetMS;\"><span style=\"font-size: x-small; font-family: TrebuchetMS;\"><strong><span style=\"font-size: small; color: #ffffff;\"><span style=\"font-size: small; color: #ffffff;\"><span style=\"color: #000000;\"><\/p>\n<p align=\"left\">17:30 h. Dime qui\u00e9n eres y \u2026<\/p>\n<p align=\"left\">Nuevas formas de habitar, nuevos productos<\/p>\n<p><\/span><\/span><\/span><span style=\"font-size: x-small; color: #ffffff;\"><span style=\"font-size: x-small; color: #ffffff;\"><span style=\"font-size: x-small; color: #ffffff;\"><strong><font size=\"2\" color=\"#ffffff\"><font size=\"2\" color=\"#ffffff\"><font size=\"2\" color=\"#ffffff\"><\/p>\n<p align=\"left\"><span style=\"color: #000000;\">Silvia M. Rodr\u00edguez. <\/span><\/p>\n<p><\/font><\/font><\/font><\/strong><\/span><strong><font size=\"2\" color=\"#ffffff\"><font size=\"2\" color=\"#ffffff\"><\/p>\n<p align=\"left\">\u00a0<\/p>\n<p><\/font><\/font><\/strong><\/span><strong><font size=\"2\" color=\"#ffffff\"><\/p>\n<p align=\"left\">\u00a0<\/p>\n<p><\/font><\/strong><\/span><\/p>\n<p align=\"left\">\u00a0<\/p>\n<p><span style=\"font-size: x-small; color: #ffffff;\"><span style=\"font-size: x-small; color: #ffffff;\"><span style=\"font-size: x-small; color: #ffffff;\"><span style=\"color: #000000;\">Es responsable del Observatorio de Tendencias del H\u00e1bitat dentro del ITC <\/span><span style=\"color: #000000;\">(Instituto de Tecnolog\u00eda Cer\u00e1mica). Es ingeniera t\u00e9cnica industrial, por la Universitat Jaume I, con <\/span><span style=\"color: #000000;\">m\u00e1s de 13 a\u00f1os de experiencia en el sector de la cer\u00e1mica. Durante a\u00f1os ha coordinado el \u00e1rea de <\/span><span style=\"color: #000000;\">servicios de arquitectura, dise\u00f1o de producto, comunicaci\u00f3n y formaci\u00f3n de ALICER (ITC). Su experiencia <\/span><span style=\"color: #000000;\">docente abarca una gran cantidad de especialidades como la formaci\u00f3n en tendencias, <\/span><span style=\"color: #000000;\">dise\u00f1o, conocimiento cer\u00e1mico o la investigaci\u00f3n. As\u00ed mismo es co-autora de dos publicaciones <\/span><span style=\"color: #000000;\">sobre tendencias (Cuaderno de tendencias del h\u00e1bitat 08-09 y Nuevas formas de habitar) y participa <\/span><span style=\"color: #000000;\">de forma regular en diferentes publicaciones sobre el h\u00e1bitat.<\/span><\/span><\/span><\/span><em><span style=\"font-size: x-small; color: #ffffff;\"><span style=\"font-size: x-small; color: #ffffff;\"><span style=\"font-size: x-small; color: #ffffff;\"><em><font size=\"2\" color=\"#ffffff\"><font size=\"2\" color=\"#ffffff\"><font size=\"2\" color=\"#ffffff\"><\/p>\n<p align=\"left\"><span style=\"color: #000000;\">Contenido: <\/span><\/p>\n<p><\/font><\/font><\/font><\/em><\/span><em><font size=\"2\" color=\"#ffffff\"><font size=\"2\" color=\"#ffffff\"><\/p>\n<p align=\"left\">\u00a0<\/p>\n<p><\/font><\/font><\/em><\/span><em><font size=\"2\" color=\"#ffffff\"><\/p>\n<p align=\"left\">\u00a0<\/p>\n<p><\/font><\/em><\/span><\/p>\n<p align=\"left\">\u00a0<\/p>\n<p><span style=\"font-size: x-small; color: #ffffff; font-family: TrebuchetMS;\"><span style=\"font-size: x-small; color: #ffffff; font-family: TrebuchetMS;\"><span style=\"font-size: x-small; color: #ffffff; font-family: TrebuchetMS;\"><span style=\"color: #000000;\">veremos c\u00f3mo los nuevos modelos de convivencia que est\u00e1n surgiendo est\u00e1n solicitando <\/span><span style=\"color: #000000;\">unos nuevos modelos de hogar, productos que cumplan nuevas funciones, que sean capaces de <\/span><span style=\"color: #000000;\">satisfacer necesidades emergentes y de mejorar la vida de las personas. A trav\u00e9s de esta ponencia <\/span><span style=\"color: #000000;\">analizaremos cu\u00e1les son los caminos que se est\u00e1n proponiendo dise\u00f1adores y empresas para <\/span><span style=\"color: #000000;\">desarrollar productos mucho m\u00e1s cercanos a la forma que tenemos de vivir y hacer las cosas, son <\/span><span style=\"color: #000000;\">productos m\u00e1s interactivos, flexibles, eficientes y sobre todo emocionales.<\/span><\/span><\/span><\/span><\/em><\/strong><\/span><\/span><\/p>\n<!-- AddThis Advanced Settings generic via filter on the_content --><!-- AddThis Share Buttons generic via filter on the_content -->","protected":false},"excerpt":{"rendered":"<p>El pr\u00f3ximo 11 de diciembre estaremos en la jornada &#8216;Tendencias. \u00daltimas tendencias en dise\u00f1o de mueble e iluminaci\u00f3n. 2009&#8217;.\u00a0 Para todo aquel que quiera asistir puede encontrar la informaci\u00f3n necesaria aqu\u00ed. La finalidad de este seminario es la de abordar el dise\u00f1o de mobiliario e iluminaci\u00f3n&#46;&#46;&#46;<!-- AddThis Advanced Settings generic via filter on get_the_excerpt --><!-- AddThis Share Buttons generic via filter on get_the_excerpt --><\/p>\n","protected":false},"author":7,"featured_media":0,"comment_status":"open","ping_status":"open","sticky":false,"template":"","format":"standard","meta":{"_mi_skip_tracking":false,"_links_to":"","_links_to_target":""},"categories":[2,10,11,18,22,24],"tags":[],"_links":{"self":[{"href":"https:\/\/tendenciashabitat.com\/index.php?rest_route=\/wp\/v2\/posts\/316"}],"collection":[{"href":"https:\/\/tendenciashabitat.com\/index.php?rest_route=\/wp\/v2\/posts"}],"about":[{"href":"https:\/\/tendenciashabitat.com\/index.php?rest_route=\/wp\/v2\/types\/post"}],"author":[{"embeddable":true,"href":"https:\/\/tendenciashabitat.com\/index.php?rest_route=\/wp\/v2\/users\/7"}],"replies":[{"embeddable":true,"href":"https:\/\/tendenciashabitat.com\/index.php?rest_route=%2Fwp%2Fv2%2Fcomments&post=316"}],"version-history":[{"count":0,"href":"https:\/\/tendenciashabitat.com\/index.php?rest_route=\/wp\/v2\/posts\/316\/revisions"}],"wp:attachment":[{"href":"https:\/\/tendenciashabitat.com\/index.php?rest_route=%2Fwp%2Fv2%2Fmedia&parent=316"}],"wp:term":[{"taxonomy":"category","embeddable":true,"href":"https:\/\/tendenciashabitat.com\/index.php?rest_route=%2Fwp%2Fv2%2Fcategories&post=316"},{"taxonomy":"post_tag","embeddable":true,"href":"https:\/\/tendenciashabitat.com\/index.php?rest_route=%2Fwp%2Fv2%2Ftags&post=316"}],"curies":[{"name":"wp","href":"https:\/\/api.w.org\/{rel}","templated":true}]}}