{"id":436,"date":"2009-12-29T11:47:58","date_gmt":"2009-12-29T10:47:58","guid":{"rendered":"http:\/\/blogitc.itc.uji.es\/?p=436"},"modified":"2009-12-29T11:47:58","modified_gmt":"2009-12-29T10:47:58","slug":"milan-kpm-berlin","status":"publish","type":"post","link":"https:\/\/tendenciashabitat.com\/?p=436","title":{"rendered":"Mil\u00e1n: kpm-berlin"},"content":{"rendered":"<p><img loading=\"lazy\" class=\"aligncenter size-full wp-image-437\" title=\"imagen14\" src=\"http:\/\/oth.aidimmeblogs.aidimme.es\/wp-content\/uploads\/sites\/5\/2009\/12\/imagen14.jpg\" alt=\"imagen14\" width=\"533\" height=\"400\" \/><\/p>\n<p>\u00a0<span style=\"font-size: 12pt;\">Kpm-berlin reedita una colecci\u00f3n de piezas de la dise\u00f1adora de la Bauhaus M. Friedlaender, <\/span><span style=\"font-size: 12pt;\">que realiz\u00f3 para esta empresa entre 1930 y 1931 <\/span><\/p>\n<!-- AddThis Advanced Settings generic via filter on the_content --><!-- AddThis Share Buttons generic via filter on the_content -->","protected":false},"excerpt":{"rendered":"<p>\u00a0Kpm-berlin reedita una colecci\u00f3n de piezas de la dise\u00f1adora de la Bauhaus M. Friedlaender, que realiz\u00f3 para esta empresa entre 1930 y 1931<!-- AddThis Advanced Settings generic via filter on get_the_excerpt --><!-- AddThis Share Buttons generic via filter on get_the_excerpt --><\/p>\n","protected":false},"author":7,"featured_media":0,"comment_status":"open","ping_status":"open","sticky":false,"template":"","format":"standard","meta":{"_mi_skip_tracking":false,"_links_to":"","_links_to_target":""},"categories":[8,9,11,24],"tags":[],"_links":{"self":[{"href":"https:\/\/tendenciashabitat.com\/index.php?rest_route=\/wp\/v2\/posts\/436"}],"collection":[{"href":"https:\/\/tendenciashabitat.com\/index.php?rest_route=\/wp\/v2\/posts"}],"about":[{"href":"https:\/\/tendenciashabitat.com\/index.php?rest_route=\/wp\/v2\/types\/post"}],"author":[{"embeddable":true,"href":"https:\/\/tendenciashabitat.com\/index.php?rest_route=\/wp\/v2\/users\/7"}],"replies":[{"embeddable":true,"href":"https:\/\/tendenciashabitat.com\/index.php?rest_route=%2Fwp%2Fv2%2Fcomments&post=436"}],"version-history":[{"count":0,"href":"https:\/\/tendenciashabitat.com\/index.php?rest_route=\/wp\/v2\/posts\/436\/revisions"}],"wp:attachment":[{"href":"https:\/\/tendenciashabitat.com\/index.php?rest_route=%2Fwp%2Fv2%2Fmedia&parent=436"}],"wp:term":[{"taxonomy":"category","embeddable":true,"href":"https:\/\/tendenciashabitat.com\/index.php?rest_route=%2Fwp%2Fv2%2Fcategories&post=436"},{"taxonomy":"post_tag","embeddable":true,"href":"https:\/\/tendenciashabitat.com\/index.php?rest_route=%2Fwp%2Fv2%2Ftags&post=436"}],"curies":[{"name":"wp","href":"https:\/\/api.w.org\/{rel}","templated":true}]}}