{"id":489,"date":"2010-01-04T10:52:44","date_gmt":"2010-01-04T09:52:44","guid":{"rendered":"http:\/\/blogitc.itc.uji.es\/?p=489"},"modified":"2010-01-04T10:52:44","modified_gmt":"2010-01-04T09:52:44","slug":"sleep-box","status":"publish","type":"post","link":"https:\/\/tendenciashabitat.com\/?p=489","title":{"rendered":"SLEEP BOX"},"content":{"rendered":"<p>\u00a0<\/p>\n<p><img class=\"aligncenter size-full wp-image-494\" title=\"dibujo\" src=\"http:\/\/oth.aidimmeblogs.aidimme.es\/wp-content\/uploads\/sites\/5\/2009\/12\/dibujo.bmp\" alt=\"dibujo\" \/><\/p>\n<p>Nuevos productos que dan soluci\u00f3n a problemas reales\u2026<br \/>\nA partir de hoy, y agradeci\u00e9ndoselo profundamente a <a href=\"http:\/\/www.arch-group.org\">Arch Group<\/a>, no m\u00e1s noches en blanco en el aeropuerto, no m\u00e1s horas vac\u00edas aunque est\u00e9s hasta arriba de trabajo, no m\u00e1s asientos inc\u00f3modos.<br \/>\nEn estos cub\u00edculos de aeropuerto tendr\u00e1s conexi\u00f3n wifi, cama con un sistema de cambio de s\u00e1banas autom\u00e1tico, enchufes, espacios para tus maletas,\u2026<br \/>\n\u00bfQu\u00e9 m\u00e1s se puede pedir? \u00a1\u00a1Pues est\u00e1 claro!! Que llegue a nuestros aeropuertos cuanto antes.<\/p>\n<!-- AddThis Advanced Settings generic via filter on the_content --><!-- AddThis Share Buttons generic via filter on the_content -->","protected":false},"excerpt":{"rendered":"<p>\u00a0 Nuevos productos que dan soluci\u00f3n a problemas reales\u2026 A partir de hoy, y agradeci\u00e9ndoselo profundamente a Arch Group, no m\u00e1s noches en blanco en el aeropuerto, no m\u00e1s horas vac\u00edas aunque est\u00e9s hasta arriba de trabajo, no m\u00e1s asientos inc\u00f3modos. En estos cub\u00edculos de aeropuerto&#46;&#46;&#46;<!-- AddThis Advanced Settings generic via filter on get_the_excerpt --><!-- AddThis Share Buttons generic via filter on get_the_excerpt --><\/p>\n","protected":false},"author":7,"featured_media":0,"comment_status":"open","ping_status":"open","sticky":false,"template":"","format":"standard","meta":{"_mi_skip_tracking":false,"_links_to":"","_links_to_target":""},"categories":[11,24],"tags":[],"_links":{"self":[{"href":"https:\/\/tendenciashabitat.com\/index.php?rest_route=\/wp\/v2\/posts\/489"}],"collection":[{"href":"https:\/\/tendenciashabitat.com\/index.php?rest_route=\/wp\/v2\/posts"}],"about":[{"href":"https:\/\/tendenciashabitat.com\/index.php?rest_route=\/wp\/v2\/types\/post"}],"author":[{"embeddable":true,"href":"https:\/\/tendenciashabitat.com\/index.php?rest_route=\/wp\/v2\/users\/7"}],"replies":[{"embeddable":true,"href":"https:\/\/tendenciashabitat.com\/index.php?rest_route=%2Fwp%2Fv2%2Fcomments&post=489"}],"version-history":[{"count":0,"href":"https:\/\/tendenciashabitat.com\/index.php?rest_route=\/wp\/v2\/posts\/489\/revisions"}],"wp:attachment":[{"href":"https:\/\/tendenciashabitat.com\/index.php?rest_route=%2Fwp%2Fv2%2Fmedia&parent=489"}],"wp:term":[{"taxonomy":"category","embeddable":true,"href":"https:\/\/tendenciashabitat.com\/index.php?rest_route=%2Fwp%2Fv2%2Fcategories&post=489"},{"taxonomy":"post_tag","embeddable":true,"href":"https:\/\/tendenciashabitat.com\/index.php?rest_route=%2Fwp%2Fv2%2Ftags&post=489"}],"curies":[{"name":"wp","href":"https:\/\/api.w.org\/{rel}","templated":true}]}}