{"id":4903,"date":"2017-11-17T12:39:12","date_gmt":"2017-11-17T11:39:12","guid":{"rendered":"http:\/\/www.tendenciashabitat.es\/?p=4903"},"modified":"2017-11-17T12:50:43","modified_gmt":"2017-11-17T11:50:43","slug":"entrevista-bocajarro-borja-garcia","status":"publish","type":"post","link":"https:\/\/tendenciashabitat.com\/?p=4903","title":{"rendered":"Entrevista a bocajarro: Borja Garc\u00eda"},"content":{"rendered":"<p>Borja Garc\u00eda arquitecto y dise\u00f1ador lidera el equipo de <a href=\"https:\/\/www.madearchitects.com\/\" target=\"_blank\">MADE<\/a>, un cambio reciente que ha llevado a cabo este mismo a\u00f1o, debido al crecimiento del estudio. Aunque Borja Garc\u00eda comenz\u00f3 como dise\u00f1ador industrial, poco a poco fue realizando proyectos de interiorismo, algunos muy reconocidos como los restaurantes del Grupo Copenhagen en Valencia. Borja titulado en Ingenier\u00eda T\u00e9cnica en Dise\u00f1o Industrial en la Universidad CEU Cardenal Herrera y en arquitectura en Mil\u00e1n, perfeccionando su formaci\u00f3n en el estudio Design Continuum Italia. Ha participado en numerosas exposiciones por todo el mundo, adem\u00e1s de ser galardonado con varios premios a lo largo de su trayectoria profesional.<\/p>\n<p style=\"text-align: center\"><a href=\"http:\/\/www.tendenciashabitat.es\/wp-content\/uploads\/sites\/5\/2017\/08\/BORJA-GARCIA.jpg\"><img loading=\"lazy\" class=\"alignnone size-full wp-image-4913\" src=\"http:\/\/www.tendenciashabitat.es\/wp-content\/uploads\/sites\/5\/2017\/08\/BORJA-GARCIA.jpg\" alt=\"\" width=\"400\" height=\"450\" srcset=\"https:\/\/tendenciashabitat.com\/wp-content\/uploads\/sites\/5\/2017\/08\/BORJA-GARCIA.jpg 400w, https:\/\/tendenciashabitat.com\/wp-content\/uploads\/sites\/5\/2017\/08\/BORJA-GARCIA-267x300.jpg 267w\" sizes=\"(max-width: 400px) 100vw, 400px\" \/><\/a><\/p>\n<p>MADE es una nueva forma de entender los proyectos, con diferente perspectiva y madurez. Combinan dise\u00f1o y arquitectura para dar una visi\u00f3n mucho m\u00e1s amplia. Sus dise\u00f1os se basan en el valor social, seg\u00fan el dise\u00f1ador debe tener un valor intr\u00ednseco en el proyecto. Adem\u00e1s de basarse en la filosof\u00eda de colaboraci\u00f3n en el estudio, trabajando con diferentes profesionales de toda \u00edndole.<\/p>\n<p>Uno de los proyectos a destacar es la Llar para Gand\u00eda Blasco. Unas chimeneas de bioetanol de diferentes dimensiones y colores.<\/p>\n<p><a href=\"http:\/\/www.tendenciashabitat.es\/wp-content\/uploads\/sites\/5\/2017\/08\/Llar.jpg\"><img loading=\"lazy\" class=\"alignnone size-large wp-image-4919\" src=\"http:\/\/www.tendenciashabitat.es\/wp-content\/uploads\/sites\/5\/2017\/08\/Llar-1024x768.jpg\" alt=\"\" width=\"1024\" height=\"768\" srcset=\"https:\/\/tendenciashabitat.com\/wp-content\/uploads\/sites\/5\/2017\/08\/Llar.jpg 1024w, https:\/\/tendenciashabitat.com\/wp-content\/uploads\/sites\/5\/2017\/08\/Llar-300x225.jpg 300w, https:\/\/tendenciashabitat.com\/wp-content\/uploads\/sites\/5\/2017\/08\/Llar-768x576.jpg 768w\" sizes=\"(max-width: 1024px) 100vw, 1024px\" \/><\/a><\/p>\n<p>El trabajo de Borja Garc\u00eda ha tenido varios reconocimientos. En 2016 que gan\u00f3 la plata en los <a href=\"http:\/\/www.adifad.org\/premis\/es\/delta-awards\/\" target=\"_blank\">Premios Delta<\/a>, son las perchas de hotel para Nomess Copenhage, un dise\u00f1o diferente y moderno para solucionar el inc\u00f3modo y tradicional sistema antirrobo.<\/p>\n<p><a href=\"http:\/\/www.tendenciashabitat.es\/wp-content\/uploads\/sites\/5\/2017\/08\/perchas-Nomess.jpg\"><img loading=\"lazy\" class=\"alignnone size-large wp-image-4920\" src=\"http:\/\/www.tendenciashabitat.es\/wp-content\/uploads\/sites\/5\/2017\/08\/perchas-Nomess-1024x593.jpg\" alt=\"\" width=\"1024\" height=\"593\" srcset=\"https:\/\/tendenciashabitat.com\/wp-content\/uploads\/sites\/5\/2017\/08\/perchas-Nomess-1024x593.jpg 1024w, https:\/\/tendenciashabitat.com\/wp-content\/uploads\/sites\/5\/2017\/08\/perchas-Nomess-300x174.jpg 300w, https:\/\/tendenciashabitat.com\/wp-content\/uploads\/sites\/5\/2017\/08\/perchas-Nomess-768x444.jpg 768w, https:\/\/tendenciashabitat.com\/wp-content\/uploads\/sites\/5\/2017\/08\/perchas-Nomess.jpg 1175w\" sizes=\"(max-width: 1024px) 100vw, 1024px\" \/><\/a><\/p>\n<p>Otro producto seleccionado en los ADCV Adwards en 2017 ha sido el Raw Space para GAN. A partir de materiales crudos y naturales se asienta un sustrato de lana creando un espacio c\u00e1lido y cercano. As\u00ed se actualiza un material tradicional como el yute, d\u00e1ndole tambi\u00e9n una dimensi\u00f3n arquitect\u00f3nica al producto, gracias a su modularidad y capacidad de generar espacios.<\/p>\n<p><a href=\"http:\/\/www.tendenciashabitat.es\/wp-content\/uploads\/sites\/5\/2017\/08\/Raw-Space.jpg\"><img loading=\"lazy\" class=\"alignnone size-full wp-image-4923\" src=\"http:\/\/www.tendenciashabitat.es\/wp-content\/uploads\/sites\/5\/2017\/08\/Raw-Space.jpg\" alt=\"\" width=\"750\" height=\"500\" srcset=\"https:\/\/tendenciashabitat.com\/wp-content\/uploads\/sites\/5\/2017\/08\/Raw-Space.jpg 750w, https:\/\/tendenciashabitat.com\/wp-content\/uploads\/sites\/5\/2017\/08\/Raw-Space-300x200.jpg 300w\" sizes=\"(max-width: 750px) 100vw, 750px\" \/><\/a><\/p>\n<p>&nbsp;<\/p>\n<p>Nos hemos encontrado con Borja de casualidad y no hemos podido evitar someterle a nuestra entrevista a Bocajarro:<\/p>\n<ol>\n<li><strong>\u00bfQu\u00e9 es lo primero que haces por las ma\u00f1anas?<\/strong><br \/>\nDesayunar a tope, para mi la comida m\u00e1s importante del d\u00eda.<\/li>\n<li><strong>\u00bfQu\u00e9 es lo que te gusta que a nadie m\u00e1s parece gustarle?<\/strong><br \/>\nLas piedras de la playa que son parte de escombros o materiales de construcci\u00f3n. La gente las desecha porque son &#8216;feas&#8217;, sin embargo a mi me encantan. Hay algunas muy especiales, h\u00edbridos creados por el hombre y modificados por la naturaleza.<\/li>\n<li><strong>\u00bfA qu\u00e9 dise\u00f1ador o arquitecto vivo o muerto retar\u00edas a un duelo a espada?<\/strong><br \/>\nIntento llevarme bien con la gente, pero a Karim Rashid&#8230;<\/li>\n<li><strong>\u00bfCon qu\u00e9 tres adjetivos te describir\u00eda tu cliente ideal?<\/strong><br \/>\nClaro, solvente y con criterio.<\/li>\n<li><strong>\u00bfA qu\u00e9 p\u00e1gina web eres adicto?<\/strong><br \/>\nConsulto muchas y me voy poniendo cada temporada una como p\u00e1gina de inicio. Ahora mismo tengo <a href=\"http:\/\/hicarquitectura.com\/\" target=\"_blank\">Hic\u00a0<\/a><\/li>\n<li><strong>\u00bfA qu\u00e9 objeto cotidiano le tienes m\u00e1s apego?<\/strong><br \/>\nA mis cactus, y si tengo que decir un producto, los cuchillos de corte. Me mata cuando no est\u00e1n afilados.<\/li>\n<li><strong>\u00bfQu\u00e9 es lo que necesitas si o si para empezar a trabajar?<\/strong><br \/>\nHacerme una lista.<\/li>\n<li><strong>\u00bfUn truco para enfrentarse a la hoja en blanco?<\/strong><br \/>\nEmpezar a dibujar. Y si no sabes qu\u00e9, hacer una lista.<\/li>\n<li><strong>\u00bfQu\u00e9 producto\/interior\/arquitectura te hubiera gustado dise\u00f1ar?<\/strong><br \/>\nMuchos la verdad, hay grandes maestros que han creado piezas u obras muy especiales. Por decir una de cada:<br \/>\nObjeto: la CH37 de Wegner. Edificio: Fundaci\u00f3n Gulbenkian de Ruy d\u2019AthouguiaJervis, Pedro Cid y Alberto Pessoa.<\/li>\n<li><strong>\u00bfQu\u00e9 pel\u00edcula has visto m\u00e1s veces?<\/strong><br \/>\n\u00a1Regreso al futuro!<\/li>\n<li><strong>A la hora de empezar con el trabajo creativo, \u00bfordenador o papel?<\/strong><br \/>\nPapel siempre.<\/li>\n<li><strong>\u00bfQu\u00e9 es lo que m\u00e1s te gusta de tu trabajo?<\/strong><br \/>\nCada d\u00eda es un d\u00eda distinto, con nuevos retos y un extenso campo de investigaci\u00f3n siempre presente.<\/li>\n<li><strong>\u00bfUna serie a la que est\u00e9s enganchad?<\/strong><br \/>\nMuchas! Las \u00faltimas que me han pillado son The Young Pope y Handmaid&#8217;s Tale. Y tengo pendiente Utop\u00eda, que me la han recomendado encarecidamente.<\/li>\n<li><strong>\u00bfAlgo que no te gustar\u00eda dise\u00f1ar?<\/strong><br \/>\nCualquier cosa que pueda hacer da\u00f1o o perjudicarnos.<\/li>\n<li><strong>\u00bfC\u00f3mo te sentiste la primera vez que editaron un dise\u00f1o tuyo?<\/strong><br \/>\nNervioso y contento, era como si algo empezara a cocinarse lentamente. \u00a1La verdad es que es algo que a\u00fan siento!<\/li>\n<li><strong>Si solo pudieras darle un consejo a un dise\u00f1ador\/interiorista que empieza, \u00bfcu\u00e1l ser\u00eda?<\/strong><br \/>\nObserva mucho, no tengas prisa, s\u00e9 siempre honesto y haz las cosas bien. Si no fallas en esto, te ir\u00e1 bien seguro.<\/li>\n<\/ol>\n<!-- AddThis Advanced Settings generic via filter on the_content --><!-- AddThis Share Buttons generic via filter on the_content -->","protected":false},"excerpt":{"rendered":"<p>Borja Garc\u00eda arquitecto y dise\u00f1ador lidera el equipo de MADE, un cambio reciente que ha llevado a cabo este mismo a\u00f1o, debido al crecimiento del estudio. Aunque Borja Garc\u00eda comenz\u00f3 como dise\u00f1ador industrial, poco a poco fue realizando proyectos de interiorismo, algunos muy reconocidos como los&#46;&#46;&#46;<!-- AddThis Advanced Settings generic via filter on get_the_excerpt --><!-- AddThis Share Buttons generic via filter on get_the_excerpt --><\/p>\n","protected":false},"author":17,"featured_media":4920,"comment_status":"closed","ping_status":"closed","sticky":false,"template":"","format":"standard","meta":{"_mi_skip_tracking":false,"_links_to":"","_links_to_target":""},"categories":[11,62],"tags":[120,124],"_links":{"self":[{"href":"https:\/\/tendenciashabitat.com\/index.php?rest_route=\/wp\/v2\/posts\/4903"}],"collection":[{"href":"https:\/\/tendenciashabitat.com\/index.php?rest_route=\/wp\/v2\/posts"}],"about":[{"href":"https:\/\/tendenciashabitat.com\/index.php?rest_route=\/wp\/v2\/types\/post"}],"author":[{"embeddable":true,"href":"https:\/\/tendenciashabitat.com\/index.php?rest_route=\/wp\/v2\/users\/17"}],"replies":[{"embeddable":true,"href":"https:\/\/tendenciashabitat.com\/index.php?rest_route=%2Fwp%2Fv2%2Fcomments&post=4903"}],"version-history":[{"count":5,"href":"https:\/\/tendenciashabitat.com\/index.php?rest_route=\/wp\/v2\/posts\/4903\/revisions"}],"predecessor-version":[{"id":5006,"href":"https:\/\/tendenciashabitat.com\/index.php?rest_route=\/wp\/v2\/posts\/4903\/revisions\/5006"}],"wp:featuredmedia":[{"embeddable":true,"href":"https:\/\/tendenciashabitat.com\/index.php?rest_route=\/wp\/v2\/media\/4920"}],"wp:attachment":[{"href":"https:\/\/tendenciashabitat.com\/index.php?rest_route=%2Fwp%2Fv2%2Fmedia&parent=4903"}],"wp:term":[{"taxonomy":"category","embeddable":true,"href":"https:\/\/tendenciashabitat.com\/index.php?rest_route=%2Fwp%2Fv2%2Fcategories&post=4903"},{"taxonomy":"post_tag","embeddable":true,"href":"https:\/\/tendenciashabitat.com\/index.php?rest_route=%2Fwp%2Fv2%2Ftags&post=4903"}],"curies":[{"name":"wp","href":"https:\/\/api.w.org\/{rel}","templated":true}]}}