{"id":4938,"date":"2017-09-14T14:07:16","date_gmt":"2017-09-14T12:07:16","guid":{"rendered":"http:\/\/www.tendenciashabitat.es\/?p=4938"},"modified":"2017-09-14T14:07:16","modified_gmt":"2017-09-14T12:07:16","slug":"la-segunda-edicion-del-besign-fest-calienta-motores","status":"publish","type":"post","link":"https:\/\/tendenciashabitat.com\/?p=4938","title":{"rendered":"La segunda edici\u00f3n del besign Fest calienta motores"},"content":{"rendered":"<p><span style=\"font-weight: 400\"><a href=\"http:\/\/laexprimidora.com\/\" target=\"_blank\">La Exprimidora<\/a>, la Asociaci\u00f3n de Creativos y Dise\u00f1adores de Castell\u00f3n, ultima los preparativos para la celebraci\u00f3n de la segunda edici\u00f3n del <\/span><b><a href=\"http:\/\/besignfest.com\/\" target=\"_blank\">besign Fest, el Festival de Dise\u00f1o Multidisciplinar de Castell\u00f3n<\/a>, <\/b><span style=\"font-weight: 400\">un encuentro para la creatividad y el dise\u00f1o que pretende formar e informar acerca de las \u00faltimas tendencias del sector. La cita que tendr\u00e1 lugar los d\u00edas <\/span><b>20 y 21 de octubre <\/b><span style=\"font-weight: 400\">se llevar\u00e1 a cabo en el<\/span><b> Menador y en el Casino Antiguo<\/b><span style=\"font-weight: 400\">.<\/span><\/p>\n<p><span style=\"font-weight: 400\">La programaci\u00f3n del besign Fest cuenta con la participaci\u00f3n de algunos de los nombres m\u00e1s reconocidos del panorama nacional como <\/span><b>Amaia Arrazola, Antoni Arola, ClaseBCN, El Equipo Creativo, JoanRojeski y Pati Nu\u00f1ez<\/b><span style=\"font-weight: 400\">. Todos ellos participar\u00e1n en charlas y mesas redondas que tendr\u00e1n lugar el s\u00e1bado 21 en el Casino Antiguo de Castell\u00f3n.<\/span><\/p>\n<p style=\"text-align: center\"><a href=\"http:\/\/www.tendenciashabitat.es\/wp-content\/uploads\/sites\/5\/2017\/09\/Captura-de-pantalla-2017-09-13-a-las-18.09.38.png\"><img loading=\"lazy\" class=\"alignnone size-full wp-image-4939\" src=\"http:\/\/www.tendenciashabitat.es\/wp-content\/uploads\/sites\/5\/2017\/09\/Captura-de-pantalla-2017-09-13-a-las-18.09.38.png\" alt=\"\" width=\"618\" height=\"878\" srcset=\"https:\/\/tendenciashabitat.com\/wp-content\/uploads\/sites\/5\/2017\/09\/Captura-de-pantalla-2017-09-13-a-las-18.09.38.png 618w, https:\/\/tendenciashabitat.com\/wp-content\/uploads\/sites\/5\/2017\/09\/Captura-de-pantalla-2017-09-13-a-las-18.09.38-211x300.png 211w\" sizes=\"(max-width: 618px) 100vw, 618px\" \/><\/a><\/p>\n<p><span style=\"font-weight: 400\">Dentro de los talleres est\u00e1 programado uno de <\/span><b>\u00a0caligraf\u00eda y lettering del dise\u00f1ador <a href=\"http:\/\/www.joanquiros.com\/\" target=\"_blank\">Joan Quir\u00f3s<\/a><\/b><span style=\"font-weight: 400\"> y otro de <\/span><a href=\"http:\/\/www.zuloark.com\/\" target=\"_blank\"><b>Zuloark<\/b><\/a><span style=\"font-weight: 400\">\u00a0que esperamos con especial inter\u00e9s.<\/span><\/p>\n<p><img loading=\"lazy\" class=\"aligncenter size-large\" src=\"http:\/\/meats.elisava.net\/wp-content\/uploads\/2016\/02\/06-zuloark.jpg\" width=\"1600\" height=\"1067\" \/><\/p>\n<p><span style=\"font-weight: 400\">Adem\u00e1s el viernes 20 por la noche en la plaza Huertos Sogueros se celebrar\u00e1 la <\/span><a href=\"http:\/\/pechakuchacastellon.com\/\" target=\"_blank\"><b>15\u00ba edici\u00f3n de PechaKucha<\/b><\/a><span style=\"font-weight: 400\">, un evento que re\u00fane a creativos de la ciudad que exponen sus trabajos en intervenciones de 6 minutos en un ambiente relajado y de ocio.<\/span><\/p>\n<p><span style=\"font-weight: 400\"><a href=\"http:\/\/besignfest.com\/entradas\/\" target=\"_blank\">Las entradas ya est\u00e1n disponibles a trav\u00e9s de la web<\/a>.<\/span><\/p>\n<!-- AddThis Advanced Settings generic via filter on the_content --><!-- AddThis Share Buttons generic via filter on the_content -->","protected":false},"excerpt":{"rendered":"<p>La Exprimidora, la Asociaci\u00f3n de Creativos y Dise\u00f1adores de Castell\u00f3n, ultima los preparativos para la celebraci\u00f3n de la segunda edici\u00f3n del besign Fest, el Festival de Dise\u00f1o Multidisciplinar de Castell\u00f3n, un encuentro para la creatividad y el dise\u00f1o que pretende formar e informar acerca de las&#46;&#46;&#46;<!-- AddThis Advanced Settings generic via filter on get_the_excerpt --><!-- AddThis Share Buttons generic via filter on get_the_excerpt --><\/p>\n","protected":false},"author":17,"featured_media":4940,"comment_status":"closed","ping_status":"closed","sticky":false,"template":"","format":"standard","meta":{"_mi_skip_tracking":false,"_links_to":"","_links_to_target":""},"categories":[11,16],"tags":[126,127],"_links":{"self":[{"href":"https:\/\/tendenciashabitat.com\/index.php?rest_route=\/wp\/v2\/posts\/4938"}],"collection":[{"href":"https:\/\/tendenciashabitat.com\/index.php?rest_route=\/wp\/v2\/posts"}],"about":[{"href":"https:\/\/tendenciashabitat.com\/index.php?rest_route=\/wp\/v2\/types\/post"}],"author":[{"embeddable":true,"href":"https:\/\/tendenciashabitat.com\/index.php?rest_route=\/wp\/v2\/users\/17"}],"replies":[{"embeddable":true,"href":"https:\/\/tendenciashabitat.com\/index.php?rest_route=%2Fwp%2Fv2%2Fcomments&post=4938"}],"version-history":[{"count":1,"href":"https:\/\/tendenciashabitat.com\/index.php?rest_route=\/wp\/v2\/posts\/4938\/revisions"}],"predecessor-version":[{"id":4941,"href":"https:\/\/tendenciashabitat.com\/index.php?rest_route=\/wp\/v2\/posts\/4938\/revisions\/4941"}],"wp:featuredmedia":[{"embeddable":true,"href":"https:\/\/tendenciashabitat.com\/index.php?rest_route=\/wp\/v2\/media\/4940"}],"wp:attachment":[{"href":"https:\/\/tendenciashabitat.com\/index.php?rest_route=%2Fwp%2Fv2%2Fmedia&parent=4938"}],"wp:term":[{"taxonomy":"category","embeddable":true,"href":"https:\/\/tendenciashabitat.com\/index.php?rest_route=%2Fwp%2Fv2%2Fcategories&post=4938"},{"taxonomy":"post_tag","embeddable":true,"href":"https:\/\/tendenciashabitat.com\/index.php?rest_route=%2Fwp%2Fv2%2Ftags&post=4938"}],"curies":[{"name":"wp","href":"https:\/\/api.w.org\/{rel}","templated":true}]}}