{"id":4949,"date":"2017-09-19T12:37:54","date_gmt":"2017-09-19T10:37:54","guid":{"rendered":"http:\/\/www.tendenciashabitat.es\/?p=4949"},"modified":"2021-03-29T10:10:26","modified_gmt":"2021-03-29T08:10:26","slug":"premiere-del-cuaderno-de-tendencias-del-habitat-1820","status":"publish","type":"post","link":"https:\/\/tendenciashabitat.com\/?p=4949","title":{"rendered":"Premiere del Cuaderno de Tendencias del H\u00e1bitat 18\/20"},"content":{"rendered":"<p>Una a\u00f1o m\u00e1s estaremos presentes en la feria <a href=\"http:\/\/www.feriahabitatvalencia.com\/\">H\u00e1bitat Valencia<\/a>. Ma\u00f1ana <strong>mi\u00e9rcoles 20 de septiembre a las 17h. <\/strong>estaremos en el <strong>\u00c1gora Nude<\/strong> para presentar las nuevas tendencias en las que estamos trabajando y que aparecer\u00e1n en el pr\u00f3ximo Cuaderno de Tendencias del H\u00e1bitat 18\/20. Ser\u00e1 una premiere donde revisaremos los aspectos m\u00e1s destacables y las \u00faltimas manifestaciones de las tendencias para los pr\u00f3ximos a\u00f1os.<\/p>\n<p><a href=\"http:\/\/www.feriahabitatvalencia.com\/agenda-habitat-2017\/\">Agenda completa de eventos de H\u00e1bitat Valencia.<\/a><\/p>\n<p>\u00a1Os esperamos!<\/p>\n<p><a href=\"https:\/\/payhip.com\/b\/S4LB\" target=\"_blank\" rel=\"noopener noreferrer\"><img loading=\"lazy\" class=\" wp-image-4952 aligncenter\" src=\"http:\/\/www.tendenciashabitat.es\/wp-content\/uploads\/sites\/5\/2017\/09\/LOGO-FERIA-HABITAT-CON-FECHAS-e1487937717626-300x110.jpg\" alt=\"imagen feria H\u00e1bitat Valencia 2017\" width=\"712\" height=\"261\" srcset=\"https:\/\/tendenciashabitat.com\/wp-content\/uploads\/sites\/5\/2017\/09\/LOGO-FERIA-HABITAT-CON-FECHAS-e1487937717626-300x110.jpg 300w, https:\/\/tendenciashabitat.com\/wp-content\/uploads\/sites\/5\/2017\/09\/LOGO-FERIA-HABITAT-CON-FECHAS-e1487937717626-768x282.jpg 768w, https:\/\/tendenciashabitat.com\/wp-content\/uploads\/sites\/5\/2017\/09\/LOGO-FERIA-HABITAT-CON-FECHAS-e1487937717626-1024x376.jpg 1024w, https:\/\/tendenciashabitat.com\/wp-content\/uploads\/sites\/5\/2017\/09\/LOGO-FERIA-HABITAT-CON-FECHAS-e1487937717626.jpg 1600w\" sizes=\"(max-width: 712px) 100vw, 712px\" \/><\/a><\/p>\n\n\n<div class=\"wp-block-buttons aligncenter\">\n<div class=\"wp-block-button\"><a class=\"wp-block-button__link\" href=\"https:\/\/payhip.com\/b\/S4LB\" style=\"border-radius:7px\">Descarga el informe aqu\u00ed<\/a><\/div>\n<\/div>\n\n\n\n<p><\/p>\n<!-- AddThis Advanced Settings generic via filter on the_content --><!-- AddThis Share Buttons generic via filter on the_content -->","protected":false},"excerpt":{"rendered":"<p>Una a\u00f1o m\u00e1s estaremos presentes en la feria H\u00e1bitat Valencia. Ma\u00f1ana mi\u00e9rcoles 20 de septiembre a las 17h. estaremos en el \u00c1gora Nude para presentar las nuevas tendencias en las que estamos trabajando y que aparecer\u00e1n en el pr\u00f3ximo Cuaderno de Tendencias del H\u00e1bitat 18\/20. Ser\u00e1&#46;&#46;&#46;<!-- AddThis Advanced Settings generic via filter on get_the_excerpt --><!-- AddThis Share Buttons generic via filter on get_the_excerpt --><\/p>\n","protected":false},"author":4,"featured_media":4952,"comment_status":"closed","ping_status":"closed","sticky":false,"template":"","format":"standard","meta":{"_mi_skip_tracking":false,"_links_to":"","_links_to_target":""},"categories":[2],"tags":[138,137,89,139,53],"_links":{"self":[{"href":"https:\/\/tendenciashabitat.com\/index.php?rest_route=\/wp\/v2\/posts\/4949"}],"collection":[{"href":"https:\/\/tendenciashabitat.com\/index.php?rest_route=\/wp\/v2\/posts"}],"about":[{"href":"https:\/\/tendenciashabitat.com\/index.php?rest_route=\/wp\/v2\/types\/post"}],"author":[{"embeddable":true,"href":"https:\/\/tendenciashabitat.com\/index.php?rest_route=\/wp\/v2\/users\/4"}],"replies":[{"embeddable":true,"href":"https:\/\/tendenciashabitat.com\/index.php?rest_route=%2Fwp%2Fv2%2Fcomments&post=4949"}],"version-history":[{"count":6,"href":"https:\/\/tendenciashabitat.com\/index.php?rest_route=\/wp\/v2\/posts\/4949\/revisions"}],"predecessor-version":[{"id":6660,"href":"https:\/\/tendenciashabitat.com\/index.php?rest_route=\/wp\/v2\/posts\/4949\/revisions\/6660"}],"wp:featuredmedia":[{"embeddable":true,"href":"https:\/\/tendenciashabitat.com\/index.php?rest_route=\/wp\/v2\/media\/4952"}],"wp:attachment":[{"href":"https:\/\/tendenciashabitat.com\/index.php?rest_route=%2Fwp%2Fv2%2Fmedia&parent=4949"}],"wp:term":[{"taxonomy":"category","embeddable":true,"href":"https:\/\/tendenciashabitat.com\/index.php?rest_route=%2Fwp%2Fv2%2Fcategories&post=4949"},{"taxonomy":"post_tag","embeddable":true,"href":"https:\/\/tendenciashabitat.com\/index.php?rest_route=%2Fwp%2Fv2%2Ftags&post=4949"}],"curies":[{"name":"wp","href":"https:\/\/api.w.org\/{rel}","templated":true}]}}