{"id":513,"date":"2010-01-07T08:34:38","date_gmt":"2010-01-07T07:34:38","guid":{"rendered":"http:\/\/blogitc.itc.uji.es\/?p=513"},"modified":"2010-01-07T08:34:38","modified_gmt":"2010-01-07T07:34:38","slug":"no-le-rayes-la-mesa-a-mama","status":"publish","type":"post","link":"https:\/\/tendenciashabitat.com\/?p=513","title":{"rendered":"NO LE RAYES LA MESA A MAM\u00c1"},"content":{"rendered":"<p>Algunas veces un producto es innovativo haciendo uso de algo com\u00fan. Este es el caso de esta mesa de <a href=\"http:\/\/www.jaeunpark.com\">Jaeun Park<\/a>, el recurso utilizado es la posibilidad de personalizar la mesa a nuestro gusto. El sistema muy simple, es un base negra sobre un fondo de colores, \u00bfOs suena? \u00bfQu\u00e9 ni\u00f1o no ha hecho alguna vez un dibujo con esta misma t\u00e9cnica?<br \/>\nDe este modo el dise\u00f1ador logra la interacci\u00f3n con el usuario y el valor afectivo hacia el objeto, no s\u00f3lo porque haya participado en el proceso, sino tambi\u00e9n porque nos transporta a la infancia.<\/p>\n<p style=\"text-align: center;\"><img loading=\"lazy\" class=\"aligncenter size-full wp-image-514\" title=\"dibujo1\" src=\"http:\/\/oth.aidimmeblogs.aidimme.es\/wp-content\/uploads\/sites\/5\/2009\/12\/dibujo1.jpg\" alt=\"dibujo1\" width=\"664\" height=\"410\" \/><\/p>\n<!-- AddThis Advanced Settings generic via filter on the_content --><!-- AddThis Share Buttons generic via filter on the_content -->","protected":false},"excerpt":{"rendered":"<p>Algunas veces un producto es innovativo haciendo uso de algo com\u00fan. Este es el caso de esta mesa de Jaeun Park, el recurso utilizado es la posibilidad de personalizar la mesa a nuestro gusto. El sistema muy simple, es un base negra sobre un fondo de&#46;&#46;&#46;<!-- AddThis Advanced Settings generic via filter on get_the_excerpt --><!-- AddThis Share Buttons generic via filter on get_the_excerpt --><\/p>\n","protected":false},"author":7,"featured_media":0,"comment_status":"open","ping_status":"open","sticky":false,"template":"","format":"standard","meta":{"_mi_skip_tracking":false,"_links_to":"","_links_to_target":""},"categories":[11,22],"tags":[],"_links":{"self":[{"href":"https:\/\/tendenciashabitat.com\/index.php?rest_route=\/wp\/v2\/posts\/513"}],"collection":[{"href":"https:\/\/tendenciashabitat.com\/index.php?rest_route=\/wp\/v2\/posts"}],"about":[{"href":"https:\/\/tendenciashabitat.com\/index.php?rest_route=\/wp\/v2\/types\/post"}],"author":[{"embeddable":true,"href":"https:\/\/tendenciashabitat.com\/index.php?rest_route=\/wp\/v2\/users\/7"}],"replies":[{"embeddable":true,"href":"https:\/\/tendenciashabitat.com\/index.php?rest_route=%2Fwp%2Fv2%2Fcomments&post=513"}],"version-history":[{"count":0,"href":"https:\/\/tendenciashabitat.com\/index.php?rest_route=\/wp\/v2\/posts\/513\/revisions"}],"wp:attachment":[{"href":"https:\/\/tendenciashabitat.com\/index.php?rest_route=%2Fwp%2Fv2%2Fmedia&parent=513"}],"wp:term":[{"taxonomy":"category","embeddable":true,"href":"https:\/\/tendenciashabitat.com\/index.php?rest_route=%2Fwp%2Fv2%2Fcategories&post=513"},{"taxonomy":"post_tag","embeddable":true,"href":"https:\/\/tendenciashabitat.com\/index.php?rest_route=%2Fwp%2Fv2%2Ftags&post=513"}],"curies":[{"name":"wp","href":"https:\/\/api.w.org\/{rel}","templated":true}]}}