{"id":527,"date":"2010-01-05T09:17:32","date_gmt":"2010-01-05T08:17:32","guid":{"rendered":"http:\/\/blogitc.itc.uji.es\/?p=527"},"modified":"2010-01-05T09:17:32","modified_gmt":"2010-01-05T08:17:32","slug":"finland-mes","status":"publish","type":"post","link":"https:\/\/tendenciashabitat.com\/?p=527","title":{"rendered":"Finland Mes"},"content":{"rendered":"<p style=\"text-align: left;\">Hasta el domingo 10 pod\u00e9is aprovechar para ver esta exposici\u00f3n en el Matadero (Madrid) dedicada al dise\u00f1o fin\u00e9s. Tras la buena recepci\u00f3n de la exposici\u00f3n de dise\u00f1o holand\u00e9s se atraven con otra en la Central del Dise\u00f1o. Adem\u00e1s hay cantidad de <a href=\"http:\/\/www.diseno.fi\/exposiciones\" target=\"_blank\">actividades paralelas<\/a>.<\/p>\n<p style=\"text-align: center;\"><img loading=\"lazy\" class=\"aligncenter size-full wp-image-528\" title=\"findesignweb\" src=\"http:\/\/oth.aidimmeblogs.aidimme.es\/wp-content\/uploads\/sites\/5\/2010\/01\/findesignweb.gif\" alt=\"findesignweb\" width=\"640\" height=\"426\" \/><\/p>\n<!-- AddThis Advanced Settings generic via filter on the_content --><!-- AddThis Share Buttons generic via filter on the_content -->","protected":false},"excerpt":{"rendered":"<p>Hasta el domingo 10 pod\u00e9is aprovechar para ver esta exposici\u00f3n en el Matadero (Madrid) dedicada al dise\u00f1o fin\u00e9s. Tras la buena recepci\u00f3n de la exposici\u00f3n de dise\u00f1o holand\u00e9s se atraven con otra en la Central del Dise\u00f1o. Adem\u00e1s hay cantidad de actividades paralelas.<!-- AddThis Advanced Settings generic via filter on get_the_excerpt --><!-- AddThis Share Buttons generic via filter on get_the_excerpt --><\/p>\n","protected":false},"author":7,"featured_media":0,"comment_status":"open","ping_status":"open","sticky":false,"template":"","format":"standard","meta":{"_mi_skip_tracking":false,"_links_to":"","_links_to_target":""},"categories":[11,14],"tags":[],"_links":{"self":[{"href":"https:\/\/tendenciashabitat.com\/index.php?rest_route=\/wp\/v2\/posts\/527"}],"collection":[{"href":"https:\/\/tendenciashabitat.com\/index.php?rest_route=\/wp\/v2\/posts"}],"about":[{"href":"https:\/\/tendenciashabitat.com\/index.php?rest_route=\/wp\/v2\/types\/post"}],"author":[{"embeddable":true,"href":"https:\/\/tendenciashabitat.com\/index.php?rest_route=\/wp\/v2\/users\/7"}],"replies":[{"embeddable":true,"href":"https:\/\/tendenciashabitat.com\/index.php?rest_route=%2Fwp%2Fv2%2Fcomments&post=527"}],"version-history":[{"count":0,"href":"https:\/\/tendenciashabitat.com\/index.php?rest_route=\/wp\/v2\/posts\/527\/revisions"}],"wp:attachment":[{"href":"https:\/\/tendenciashabitat.com\/index.php?rest_route=%2Fwp%2Fv2%2Fmedia&parent=527"}],"wp:term":[{"taxonomy":"category","embeddable":true,"href":"https:\/\/tendenciashabitat.com\/index.php?rest_route=%2Fwp%2Fv2%2Fcategories&post=527"},{"taxonomy":"post_tag","embeddable":true,"href":"https:\/\/tendenciashabitat.com\/index.php?rest_route=%2Fwp%2Fv2%2Ftags&post=527"}],"curies":[{"name":"wp","href":"https:\/\/api.w.org\/{rel}","templated":true}]}}