{"id":5667,"date":"2020-03-29T18:53:17","date_gmt":"2020-03-29T16:53:17","guid":{"rendered":"https:\/\/tendenciashabitat.com\/?p=5667"},"modified":"2021-02-01T16:17:06","modified_gmt":"2021-02-01T15:17:06","slug":"nuestro-legado","status":"publish","type":"post","link":"https:\/\/tendenciashabitat.com\/?p=5667","title":{"rendered":"Nuestro Legado"},"content":{"rendered":"\n<p>Los per\u00edodos prolongados en situaciones que carecen de cambio pueden empujar a las personas a <strong>volverse m\u00e1s reflexivas y nost\u00e1lgicas<\/strong>. El confinamiento genera incertidumbre y desconfianza a su vez que impulsa un <strong>sentimiento de nostalgia, <\/strong>a buscar en <strong>nuestro legado.<\/strong><\/p>\n\n\n\n<p>El hogar se convierte en nuestro todo y con <strong>tiempo para la reflexi\u00f3n<\/strong> se incentiva un mayor inter\u00e9s para la decoraci\u00f3n basada en u<strong>n dise\u00f1o m\u00e1s emocional<\/strong>. El dise\u00f1o artesanal y patrimonial con un gui\u00f1o al pasado, a la tradici\u00f3n y a la cultura es una tendencia que ya se ha apreciado en las ferias de dise\u00f1o y que se enfatizar\u00e1 seg\u00fan evolucionemos ante esta crisis del COVID19.<\/p>\n\n\n\n<figure class=\"wp-block-image size-large\"><img loading=\"lazy\" width=\"1024\" height=\"566\" src=\"http:\/\/www.tendenciashabitat.es\/wp-content\/uploads\/sites\/5\/2020\/03\/Captura-de-pantalla-2020-03-29-a-las-17.35.20-1024x566.png\" alt=\"\" class=\"wp-image-5669\" srcset=\"https:\/\/tendenciashabitat.com\/wp-content\/uploads\/sites\/5\/2020\/03\/Captura-de-pantalla-2020-03-29-a-las-17.35.20-1024x566.png 1024w, https:\/\/tendenciashabitat.com\/wp-content\/uploads\/sites\/5\/2020\/03\/Captura-de-pantalla-2020-03-29-a-las-17.35.20-300x166.png 300w, https:\/\/tendenciashabitat.com\/wp-content\/uploads\/sites\/5\/2020\/03\/Captura-de-pantalla-2020-03-29-a-las-17.35.20-768x424.png 768w, https:\/\/tendenciashabitat.com\/wp-content\/uploads\/sites\/5\/2020\/03\/Captura-de-pantalla-2020-03-29-a-las-17.35.20.png 1104w\" sizes=\"(max-width: 1024px) 100vw, 1024px\" \/><figcaption><a href=\"https:\/\/www.pophamdesign.com\/\">Pophamdesign de EEUU a Marrakech<\/a>&nbsp;&nbsp;<\/figcaption><\/figure>\n\n\n\n<p>Los dise\u00f1adores recurren a los periodos hist\u00f3ricos en dise\u00f1o y arquitectura para inspirarse, ofreciendo a los productos una actualizaci\u00f3n moderna revisitada de<strong> nuestro legado <\/strong>e incluso en ocasiones se requiere una actuaci\u00f3n reaccionaria sobre ellos.<\/p>\n\n\n\n<p>Os queremos presentar diferentes dise\u00f1adores que toman el legado cultural y la artesan\u00eda como base de sus trabajos con las baldosas.<\/p>\n\n\n\n<p>Caitlin y Samuel Dowe-Sandes una pareja de los \u00c1ngeles que fundaron <strong>Popham design<\/strong>, un estudio de dise\u00f1o y taller de azulejos a medida con sede en Marrakech, Marruecos. La compa\u00f1\u00eda dise\u00f1a y fabrica baldosas de cemento hechas a mano que se exportan a todo el mundo, adornando hoteles de lujo, restaurantes y residencias desde San Francisco hasta Sydney. <\/p>\n\n\n\n<figure class=\"wp-block-image size-large\"><img loading=\"lazy\" width=\"807\" height=\"670\" src=\"http:\/\/www.tendenciashabitat.es\/wp-content\/uploads\/sites\/5\/2020\/03\/Captura-de-pantalla-2020-03-29-a-las-16.20.27.png\" alt=\"\" class=\"wp-image-5670\" srcset=\"https:\/\/tendenciashabitat.com\/wp-content\/uploads\/sites\/5\/2020\/03\/Captura-de-pantalla-2020-03-29-a-las-16.20.27.png 807w, https:\/\/tendenciashabitat.com\/wp-content\/uploads\/sites\/5\/2020\/03\/Captura-de-pantalla-2020-03-29-a-las-16.20.27-300x249.png 300w, https:\/\/tendenciashabitat.com\/wp-content\/uploads\/sites\/5\/2020\/03\/Captura-de-pantalla-2020-03-29-a-las-16.20.27-768x638.png 768w\" sizes=\"(max-width: 807px) 100vw, 807px\" \/><figcaption><a href=\"https:\/\/www.pophamdesign.com\/\">@Pophamdesign<\/a><\/figcaption><\/figure>\n\n\n\n<figure class=\"wp-block-image size-large\"><img loading=\"lazy\" width=\"825\" height=\"463\" src=\"http:\/\/www.tendenciashabitat.es\/wp-content\/uploads\/sites\/5\/2020\/03\/Captura-de-pantalla-2020-03-29-a-las-17.41.08.png\" alt=\"\" class=\"wp-image-5671\" srcset=\"https:\/\/tendenciashabitat.com\/wp-content\/uploads\/sites\/5\/2020\/03\/Captura-de-pantalla-2020-03-29-a-las-17.41.08.png 825w, https:\/\/tendenciashabitat.com\/wp-content\/uploads\/sites\/5\/2020\/03\/Captura-de-pantalla-2020-03-29-a-las-17.41.08-300x168.png 300w, https:\/\/tendenciashabitat.com\/wp-content\/uploads\/sites\/5\/2020\/03\/Captura-de-pantalla-2020-03-29-a-las-17.41.08-768x431.png 768w\" sizes=\"(max-width: 825px) 100vw, 825px\" \/><figcaption><a href=\"https:\/\/www.pophamdesign.com\/\">@Pophamdesign<\/a><\/figcaption><\/figure>\n\n\n\n<p>El proyecto I<strong>ntelligentsia Coffee <\/strong>en Silver Lake creado hace unos 12 a\u00f1os por la <strong>arquitecta Barbara Bestor<\/strong> termin\u00f3 siendo un icono y un fen\u00f3meno en internet gracias a sus baldosas azul y blanca que envuelven el local. Una inspiraci\u00f3n de los <strong>caf\u00e9s de la habana incluso de la cer\u00e1mica de Estambul<\/strong>.<\/p>\n\n\n\n<figure class=\"wp-block-image size-large\"><img loading=\"lazy\" width=\"1000\" height=\"746\" src=\"http:\/\/www.tendenciashabitat.es\/wp-content\/uploads\/sites\/5\/2020\/03\/Captura-de-pantalla-2020-03-28-a-las-19.38.29.png\" alt=\"\" class=\"wp-image-5672\" srcset=\"https:\/\/tendenciashabitat.com\/wp-content\/uploads\/sites\/5\/2020\/03\/Captura-de-pantalla-2020-03-28-a-las-19.38.29.png 1000w, https:\/\/tendenciashabitat.com\/wp-content\/uploads\/sites\/5\/2020\/03\/Captura-de-pantalla-2020-03-28-a-las-19.38.29-300x224.png 300w, https:\/\/tendenciashabitat.com\/wp-content\/uploads\/sites\/5\/2020\/03\/Captura-de-pantalla-2020-03-28-a-las-19.38.29-768x573.png 768w\" sizes=\"(max-width: 1000px) 100vw, 1000px\" \/><figcaption><a href=\"https:\/\/bestorarchitecture.com\/intelligentsia\/\">@Barbara Bestor<\/a><\/figcaption><\/figure>\n\n\n\n<p><strong>La cercan\u00eda nos ofrece confianza<\/strong> y la localidad es una clave fundamental que, junto a la procedencia de los materiales y la producci\u00f3n, impacta sobre <strong>necesidades econ\u00f3mico-sociales de nuestra comunidad<\/strong>. Actualmente, hay colectivos que est\u00e1n trabajando en torno a la creaci\u00f3n, la innovaci\u00f3n en m\u00e9todos de fabricaci\u00f3n, artesan\u00eda digital, sostenibilidad, recuperaci\u00f3n de objetos y t\u00e9cnicas desaparecidas o por desaparecer.<\/p>\n\n\n\n<p>En NY este marzo, la<strong> galer\u00eda Cooler <\/strong>de Brooklyn lanz\u00f3 una colecci\u00f3n de baldosas enc\u00e1usticas impulsada por su inter\u00e9s en <strong>unir las bellas artes, el dise\u00f1o y la fabricaci\u00f3n<\/strong>. \u201cEstamos viendo artistas pintando a mano y azulejos con forma de mano, pero hay un tipo diferente de mano para usar la industria pesada. Esa yuxtaposici\u00f3n siempre ha sido fundamental para esto: darle al artista un medio que no pueda usar por s\u00ed solo &#8220;. Michael Yarinsky<\/p>\n\n\n\n<figure class=\"wp-block-image size-large\"><img loading=\"lazy\" width=\"1024\" height=\"648\" src=\"http:\/\/www.tendenciashabitat.es\/wp-content\/uploads\/sites\/5\/2020\/03\/Captura-de-pantalla-2020-03-29-a-las-17.13.19-1024x648.png\" alt=\"\" class=\"wp-image-5673\" srcset=\"https:\/\/tendenciashabitat.com\/wp-content\/uploads\/sites\/5\/2020\/03\/Captura-de-pantalla-2020-03-29-a-las-17.13.19-1024x648.png 1024w, https:\/\/tendenciashabitat.com\/wp-content\/uploads\/sites\/5\/2020\/03\/Captura-de-pantalla-2020-03-29-a-las-17.13.19-300x190.png 300w, https:\/\/tendenciashabitat.com\/wp-content\/uploads\/sites\/5\/2020\/03\/Captura-de-pantalla-2020-03-29-a-las-17.13.19-768x486.png 768w, https:\/\/tendenciashabitat.com\/wp-content\/uploads\/sites\/5\/2020\/03\/Captura-de-pantalla-2020-03-29-a-las-17.13.19.png 1114w\" sizes=\"(max-width: 1024px) 100vw, 1024px\" \/><figcaption><a href=\"http:\/\/www.cooler-gallery.com\/\">@Galeria Cooler&nbsp;<\/a><\/figcaption><\/figure>\n\n\n\n<figure class=\"wp-block-image size-large\"><img loading=\"lazy\" width=\"1024\" height=\"559\" src=\"http:\/\/www.tendenciashabitat.es\/wp-content\/uploads\/sites\/5\/2020\/03\/Captura-de-pantalla-2020-03-29-a-las-17.10.23-1024x559.png\" alt=\"\" class=\"wp-image-5674\" srcset=\"https:\/\/tendenciashabitat.com\/wp-content\/uploads\/sites\/5\/2020\/03\/Captura-de-pantalla-2020-03-29-a-las-17.10.23-1024x559.png 1024w, https:\/\/tendenciashabitat.com\/wp-content\/uploads\/sites\/5\/2020\/03\/Captura-de-pantalla-2020-03-29-a-las-17.10.23-300x164.png 300w, https:\/\/tendenciashabitat.com\/wp-content\/uploads\/sites\/5\/2020\/03\/Captura-de-pantalla-2020-03-29-a-las-17.10.23-768x419.png 768w, https:\/\/tendenciashabitat.com\/wp-content\/uploads\/sites\/5\/2020\/03\/Captura-de-pantalla-2020-03-29-a-las-17.10.23.png 1227w\" sizes=\"(max-width: 1024px) 100vw, 1024px\" \/><figcaption><a href=\"http:\/\/www.cooler-gallery.com\/\">@Galeria Cooler&nbsp;<\/a><\/figcaption><\/figure>\n\n\n\n<div class=\"wp-block-group\"><div class=\"wp-block-group__inner-container\">\n<p>&#8220;El azulejo es una especie de progresi\u00f3n natural&#8221; argumenta <strong>Helen Levi,<\/strong> una artista de cer\u00e1mica con sede en Brooklyn. Nos propone a finales de este a\u00f1o su pr\u00f3xima colecci\u00f3n de azulejos que incluir\u00e1 una l\u00ednea pintada a mano inspirada en azulejos que ella esmalt\u00f3 para su propio ba\u00f1o, as\u00ed como una l\u00ednea con un patr\u00f3n en relieve.<\/p>\n<\/div><\/div>\n\n\n\n<figure class=\"wp-block-image size-large\"><img loading=\"lazy\" width=\"879\" height=\"493\" src=\"http:\/\/www.tendenciashabitat.es\/wp-content\/uploads\/sites\/5\/2020\/03\/Captura-de-pantalla-2020-03-29-a-las-17.20.59.png\" alt=\"\" class=\"wp-image-5675\" srcset=\"https:\/\/tendenciashabitat.com\/wp-content\/uploads\/sites\/5\/2020\/03\/Captura-de-pantalla-2020-03-29-a-las-17.20.59.png 879w, https:\/\/tendenciashabitat.com\/wp-content\/uploads\/sites\/5\/2020\/03\/Captura-de-pantalla-2020-03-29-a-las-17.20.59-300x168.png 300w, https:\/\/tendenciashabitat.com\/wp-content\/uploads\/sites\/5\/2020\/03\/Captura-de-pantalla-2020-03-29-a-las-17.20.59-768x431.png 768w\" sizes=\"(max-width: 879px) 100vw, 879px\" \/><figcaption><a href=\"https:\/\/helenlevi.com\/\">@&nbsp;Helen Levi<\/a><\/figcaption><\/figure>\n\n\n\n<p><strong>Las aplicaciones gr\u00e1ficas audaces<\/strong> se han vuelto m\u00e1s populares a medida que los dise\u00f1adores y aficionados al bricolaje buscan formas de agregar individualidad y tacto a los interiores. Un buen ejemplo es la aplicaci\u00f3n de las <strong>baldosas enc\u00e1usticas de Granada Tile<\/strong> utilizadas en todo el <strong>restaurante Madre de Torrance, California.<\/strong><\/p>\n\n\n\n<figure class=\"wp-block-image size-large\"><img loading=\"lazy\" width=\"1024\" height=\"607\" src=\"http:\/\/www.tendenciashabitat.es\/wp-content\/uploads\/sites\/5\/2020\/03\/Captura-de-pantalla-2020-03-29-a-las-12.10.05-1024x607.png\" alt=\"\" class=\"wp-image-5677\" srcset=\"https:\/\/tendenciashabitat.com\/wp-content\/uploads\/sites\/5\/2020\/03\/Captura-de-pantalla-2020-03-29-a-las-12.10.05-1024x607.png 1024w, https:\/\/tendenciashabitat.com\/wp-content\/uploads\/sites\/5\/2020\/03\/Captura-de-pantalla-2020-03-29-a-las-12.10.05-300x178.png 300w, https:\/\/tendenciashabitat.com\/wp-content\/uploads\/sites\/5\/2020\/03\/Captura-de-pantalla-2020-03-29-a-las-12.10.05-768x455.png 768w, https:\/\/tendenciashabitat.com\/wp-content\/uploads\/sites\/5\/2020\/03\/Captura-de-pantalla-2020-03-29-a-las-12.10.05.png 1504w\" sizes=\"(max-width: 1024px) 100vw, 1024px\" \/><figcaption><a href=\"https:\/\/madrerestaurants.com\/torrance\/\">@Restaurante Madre Torrance. California<\/a><\/figcaption><\/figure>\n\n\n\n<figure class=\"wp-block-image size-large\"><img loading=\"lazy\" width=\"941\" height=\"662\" src=\"http:\/\/www.tendenciashabitat.es\/wp-content\/uploads\/sites\/5\/2020\/03\/Captura-de-pantalla-2020-03-29-a-las-18.01.49.png\" alt=\"\" class=\"wp-image-5676\" srcset=\"https:\/\/tendenciashabitat.com\/wp-content\/uploads\/sites\/5\/2020\/03\/Captura-de-pantalla-2020-03-29-a-las-18.01.49.png 941w, https:\/\/tendenciashabitat.com\/wp-content\/uploads\/sites\/5\/2020\/03\/Captura-de-pantalla-2020-03-29-a-las-18.01.49-300x211.png 300w, https:\/\/tendenciashabitat.com\/wp-content\/uploads\/sites\/5\/2020\/03\/Captura-de-pantalla-2020-03-29-a-las-18.01.49-768x540.png 768w\" sizes=\"(max-width: 941px) 100vw, 941px\" \/><figcaption><a href=\"https:\/\/madrerestaurants.com\/torrance\/\">@Restaurante Madre Torrance. California<\/a><\/figcaption><\/figure>\n\n\n\n<p>Mas info: <\/p>\n\n\n\n<p><a href=\"https:\/\/payhip.com\/b\/SIQN\">Tendencias en Superficies20\/21<\/a>(Roots)<\/p>\n\n\n\n<p><a href=\"https:\/\/tendenciashabitat.com\/?p=5442\">Monogr\u00e1fico Tendencias en Horeca y Retail<\/a> (Encuentro) <\/p>\n\n\n\n<p><a href=\"https:\/\/tendenciashabitat.com\/?p=5113\">Cuaderno de Tendencias del H\u00e1bitat  (Memento Design)<\/a><\/p>\n\n\n\n<p>Todas las im\u00e1genes mostradas tienen  <strong>\u00a9<\/strong> <\/p>\n<!-- AddThis Advanced Settings generic via filter on the_content --><!-- AddThis Share Buttons generic via filter on the_content -->","protected":false},"excerpt":{"rendered":"<p>Los per\u00edodos prolongados en situaciones que carecen de cambio pueden empujar a las personas a volverse m\u00e1s reflexivas y nost\u00e1lgicas. El confinamiento genera incertidumbre y desconfianza a su vez que impulsa un sentimiento de nostalgia, a buscar en nuestro legado. El hogar se convierte en nuestro&#46;&#46;&#46;<!-- AddThis Advanced Settings generic via filter on get_the_excerpt --><!-- AddThis Share Buttons generic via filter on get_the_excerpt --><\/p>\n","protected":false},"author":32,"featured_media":5680,"comment_status":"closed","ping_status":"closed","sticky":false,"template":"","format":"standard","meta":{"_mi_skip_tracking":false,"_links_to":"","_links_to_target":""},"categories":[3,4,8,11,56],"tags":[160,161,53,150],"_links":{"self":[{"href":"https:\/\/tendenciashabitat.com\/index.php?rest_route=\/wp\/v2\/posts\/5667"}],"collection":[{"href":"https:\/\/tendenciashabitat.com\/index.php?rest_route=\/wp\/v2\/posts"}],"about":[{"href":"https:\/\/tendenciashabitat.com\/index.php?rest_route=\/wp\/v2\/types\/post"}],"author":[{"embeddable":true,"href":"https:\/\/tendenciashabitat.com\/index.php?rest_route=\/wp\/v2\/users\/32"}],"replies":[{"embeddable":true,"href":"https:\/\/tendenciashabitat.com\/index.php?rest_route=%2Fwp%2Fv2%2Fcomments&post=5667"}],"version-history":[{"count":8,"href":"https:\/\/tendenciashabitat.com\/index.php?rest_route=\/wp\/v2\/posts\/5667\/revisions"}],"predecessor-version":[{"id":5714,"href":"https:\/\/tendenciashabitat.com\/index.php?rest_route=\/wp\/v2\/posts\/5667\/revisions\/5714"}],"wp:featuredmedia":[{"embeddable":true,"href":"https:\/\/tendenciashabitat.com\/index.php?rest_route=\/wp\/v2\/media\/5680"}],"wp:attachment":[{"href":"https:\/\/tendenciashabitat.com\/index.php?rest_route=%2Fwp%2Fv2%2Fmedia&parent=5667"}],"wp:term":[{"taxonomy":"category","embeddable":true,"href":"https:\/\/tendenciashabitat.com\/index.php?rest_route=%2Fwp%2Fv2%2Fcategories&post=5667"},{"taxonomy":"post_tag","embeddable":true,"href":"https:\/\/tendenciashabitat.com\/index.php?rest_route=%2Fwp%2Fv2%2Ftags&post=5667"}],"curies":[{"name":"wp","href":"https:\/\/api.w.org\/{rel}","templated":true}]}}