{"id":679,"date":"2010-04-21T09:25:04","date_gmt":"2010-04-21T08:25:04","guid":{"rendered":"http:\/\/blogitc.itc.uji.es\/?p=679"},"modified":"2010-04-21T09:25:04","modified_gmt":"2010-04-21T08:25:04","slug":"679","status":"publish","type":"post","link":"https:\/\/tendenciashabitat.com\/?p=679","title":{"rendered":""},"content":{"rendered":"<p><img loading=\"lazy\" class=\"aligncenter size-full wp-image-678\" title=\"imagen18\" src=\"http:\/\/oth.aidimmeblogs.aidimme.es\/wp-content\/uploads\/sites\/5\/2010\/03\/imagen18.jpg\" alt=\"imagen18\" width=\"768\" height=\"491\" \/><\/p>\n<p>Fanal presenta una pieza en la que se combina una decoraci\u00f3n floral con impresi\u00f3n digital y la aplicaci\u00f3n de granillas a modo de gotas de agua coincidentes con la imagen.<\/p>\n<!-- AddThis Advanced Settings generic via filter on the_content --><!-- AddThis Share Buttons generic via filter on the_content -->","protected":false},"excerpt":{"rendered":"<p>Fanal presenta una pieza en la que se combina una decoraci\u00f3n floral con impresi\u00f3n digital y la aplicaci\u00f3n de granillas a modo de gotas de agua coincidentes con la imagen.<!-- AddThis Advanced Settings generic via filter on get_the_excerpt --><!-- AddThis Share Buttons generic via filter on get_the_excerpt --><\/p>\n","protected":false},"author":7,"featured_media":0,"comment_status":"open","ping_status":"open","sticky":false,"template":"","format":"standard","meta":{"_mi_skip_tracking":false,"_links_to":"","_links_to_target":""},"categories":[8],"tags":[],"_links":{"self":[{"href":"https:\/\/tendenciashabitat.com\/index.php?rest_route=\/wp\/v2\/posts\/679"}],"collection":[{"href":"https:\/\/tendenciashabitat.com\/index.php?rest_route=\/wp\/v2\/posts"}],"about":[{"href":"https:\/\/tendenciashabitat.com\/index.php?rest_route=\/wp\/v2\/types\/post"}],"author":[{"embeddable":true,"href":"https:\/\/tendenciashabitat.com\/index.php?rest_route=\/wp\/v2\/users\/7"}],"replies":[{"embeddable":true,"href":"https:\/\/tendenciashabitat.com\/index.php?rest_route=%2Fwp%2Fv2%2Fcomments&post=679"}],"version-history":[{"count":0,"href":"https:\/\/tendenciashabitat.com\/index.php?rest_route=\/wp\/v2\/posts\/679\/revisions"}],"wp:attachment":[{"href":"https:\/\/tendenciashabitat.com\/index.php?rest_route=%2Fwp%2Fv2%2Fmedia&parent=679"}],"wp:term":[{"taxonomy":"category","embeddable":true,"href":"https:\/\/tendenciashabitat.com\/index.php?rest_route=%2Fwp%2Fv2%2Fcategories&post=679"},{"taxonomy":"post_tag","embeddable":true,"href":"https:\/\/tendenciashabitat.com\/index.php?rest_route=%2Fwp%2Fv2%2Ftags&post=679"}],"curies":[{"name":"wp","href":"https:\/\/api.w.org\/{rel}","templated":true}]}}