{"id":6814,"date":"2021-09-02T12:11:00","date_gmt":"2021-09-02T10:11:00","guid":{"rendered":"https:\/\/tendenciashabitat.com\/?p=6814"},"modified":"2021-10-01T09:49:50","modified_gmt":"2021-10-01T07:49:50","slug":"vida-al-exterior","status":"publish","type":"post","link":"https:\/\/tendenciashabitat.com\/?p=6814","title":{"rendered":"VIDA AL EXTERIOR"},"content":{"rendered":"\n<p>Aunque poco a poco vamos volviendo a la normalidad, durante la pandemia, nuestros h\u00e1bitos de ocio, trabajo, nuestra forma de viajar y relacionarnos han cambiado.<\/p>\n\n\n\n<p>Es por eso, que hoteles, restaurantes y cafeter\u00edas, siguen adaptando sus espacios a la actualidad para seguir dando servicio a sus clientes, y parece que crece el inter\u00e9s por viviendas con espacios exteriores fuera de las grandes urbes y aumenta la demanda de viviendas con terraza.<\/p>\n\n\n\n<p>La primavera y el verano son las estaciones del a\u00f1o m\u00e1s propicias para estar al exterior y disfrutar de nuestras terrazas, pero la pandemia y la situaci\u00f3n actual en la que nos encontramos sit\u00faa a las terrazas, en el lugar ideal para continuar con nuestra vida social al aire libre durante todo el a\u00f1o.<\/p>\n\n\n\n<figure class=\"wp-block-image alignfull size-large\"><img loading=\"lazy\" width=\"1024\" height=\"513\" src=\"https:\/\/tendenciashabitat.com\/wp-content\/uploads\/sites\/5\/2021\/09\/foto_slider_1481_0_0201_Vimini_1-kettal-1024x513.jpg\" alt=\"\" class=\"wp-image-6815\" srcset=\"https:\/\/tendenciashabitat.com\/wp-content\/uploads\/sites\/5\/2021\/09\/foto_slider_1481_0_0201_Vimini_1-kettal-1024x513.jpg 1024w, https:\/\/tendenciashabitat.com\/wp-content\/uploads\/sites\/5\/2021\/09\/foto_slider_1481_0_0201_Vimini_1-kettal-300x150.jpg 300w, https:\/\/tendenciashabitat.com\/wp-content\/uploads\/sites\/5\/2021\/09\/foto_slider_1481_0_0201_Vimini_1-kettal-768x385.jpg 768w, https:\/\/tendenciashabitat.com\/wp-content\/uploads\/sites\/5\/2021\/09\/foto_slider_1481_0_0201_Vimini_1-kettal-1536x769.jpg 1536w, https:\/\/tendenciashabitat.com\/wp-content\/uploads\/sites\/5\/2021\/09\/foto_slider_1481_0_0201_Vimini_1-kettal-2048x1026.jpg 2048w\" sizes=\"(max-width: 1024px) 100vw, 1024px\" \/><figcaption><a href=\"https:\/\/kettal.com\/living\/es\/?___store=living_store_view_es&amp;___from_store=living_store_view_en\">Kettal<\/a><\/figcaption><\/figure>\n\n\n\n<p>Espacios exteriores o terrazas siguen siendo el sitio perfecto para reunirnos con los amigos o familiares. Las terrazas deben de ser espacios flexibles y sobre todo c\u00f3modos y confortables.<\/p>\n\n\n\n<p>La importancia de las terrazas da lugar a la renovaci\u00f3n de estos espacios, optando por revestimientos, mobiliario y textiles pensados para disfrutar de ellos durante todo el a\u00f1o.<\/p>\n\n\n\n<figure class=\"wp-block-image alignfull size-large\"><img loading=\"lazy\" width=\"1024\" height=\"767\" src=\"https:\/\/tendenciashabitat.com\/wp-content\/uploads\/sites\/5\/2021\/09\/livingroom-red-sunbrella-1024x767.jpg\" alt=\"\" class=\"wp-image-6816\" srcset=\"https:\/\/tendenciashabitat.com\/wp-content\/uploads\/sites\/5\/2021\/09\/livingroom-red-sunbrella-1024x767.jpg 1024w, https:\/\/tendenciashabitat.com\/wp-content\/uploads\/sites\/5\/2021\/09\/livingroom-red-sunbrella-300x225.jpg 300w, https:\/\/tendenciashabitat.com\/wp-content\/uploads\/sites\/5\/2021\/09\/livingroom-red-sunbrella-768x576.jpg 768w, https:\/\/tendenciashabitat.com\/wp-content\/uploads\/sites\/5\/2021\/09\/livingroom-red-sunbrella-1536x1151.jpg 1536w, https:\/\/tendenciashabitat.com\/wp-content\/uploads\/sites\/5\/2021\/09\/livingroom-red-sunbrella.jpg 2000w\" sizes=\"(max-width: 1024px) 100vw, 1024px\" \/><\/figure>\n\n\n\n<p class=\"has-text-align-center\"><a href=\"https:\/\/global.sunbrella.com\/es-mx\">Sunbrella<\/a><\/p>\n\n\n\n<figure class=\"wp-block-image alignfull size-large\"><img loading=\"lazy\" width=\"1024\" height=\"683\" src=\"https:\/\/tendenciashabitat.com\/wp-content\/uploads\/sites\/5\/2021\/09\/shade-sail-patio-desert-sunbrella-1024x683.jpg\" alt=\"\" class=\"wp-image-6817\" srcset=\"https:\/\/tendenciashabitat.com\/wp-content\/uploads\/sites\/5\/2021\/09\/shade-sail-patio-desert-sunbrella-1024x683.jpg 1024w, https:\/\/tendenciashabitat.com\/wp-content\/uploads\/sites\/5\/2021\/09\/shade-sail-patio-desert-sunbrella-300x200.jpg 300w, https:\/\/tendenciashabitat.com\/wp-content\/uploads\/sites\/5\/2021\/09\/shade-sail-patio-desert-sunbrella-768x512.jpg 768w, https:\/\/tendenciashabitat.com\/wp-content\/uploads\/sites\/5\/2021\/09\/shade-sail-patio-desert-sunbrella-1536x1024.jpg 1536w, https:\/\/tendenciashabitat.com\/wp-content\/uploads\/sites\/5\/2021\/09\/shade-sail-patio-desert-sunbrella-2048x1365.jpg 2048w\" sizes=\"(max-width: 1024px) 100vw, 1024px\" \/><\/figure>\n\n\n\n<p class=\"has-text-align-center\"><a href=\"https:\/\/global.sunbrella.com\/es-mx\">Sunbrella<\/a><\/p>\n\n\n\n<p>Encontramos hoy en d\u00eda gran variedad de productos de equipamiento para el exterior y son muchas las empresas que aumentan sus l\u00edneas de productos outdoor, ofreciendo cada vez dise\u00f1os m\u00e1s sofisticados donde las l\u00edneas entre el exterior e interior se desdibujan, con acabados muy cuidados y materiales cada vez m\u00e1s resistentes a las condiciones extremas atmosf\u00e9ricas.<\/p>\n\n\n\n<p>Los textiles de exterior aportan calidez y comodidad a estos espacios, pero al mismo tiempo deben de ser resistentes a la luz solar, humedad, al agua del mar o clorada \u2026, para hacer una buena elecci\u00f3n de estos tejidos, hoy en d\u00eda nos podemos guiar por las fichas t\u00e9cnicas de los productos o etiquetas donde podremos ver composici\u00f3n, caracter\u00edsticas t\u00e9cnicas del tejido y condiciones de lavado o cuidado de estos.<\/p>\n\n\n\n<figure class=\"wp-block-image alignfull size-large\"><img loading=\"lazy\" width=\"1024\" height=\"625\" src=\"https:\/\/tendenciashabitat.com\/wp-content\/uploads\/sites\/5\/2021\/09\/115726-designers-guklid.jpg\" alt=\"\" class=\"wp-image-6818\" srcset=\"https:\/\/tendenciashabitat.com\/wp-content\/uploads\/sites\/5\/2021\/09\/115726-designers-guklid.jpg 1024w, https:\/\/tendenciashabitat.com\/wp-content\/uploads\/sites\/5\/2021\/09\/115726-designers-guklid-300x183.jpg 300w, https:\/\/tendenciashabitat.com\/wp-content\/uploads\/sites\/5\/2021\/09\/115726-designers-guklid-768x469.jpg 768w\" sizes=\"(max-width: 1024px) 100vw, 1024px\" \/><figcaption><a href=\"https:\/\/www.designersguild.com\/es\/l0\">Designers Guild<\/a><\/figcaption><\/figure>\n\n\n\n<figure class=\"wp-block-image alignfull size-large\"><img loading=\"lazy\" width=\"1024\" height=\"490\" src=\"https:\/\/tendenciashabitat.com\/wp-content\/uploads\/sites\/5\/2021\/09\/1-diamond-slider-colec-gun-rugs-1024x490.jpg\" alt=\"\" class=\"wp-image-6819\" srcset=\"https:\/\/tendenciashabitat.com\/wp-content\/uploads\/sites\/5\/2021\/09\/1-diamond-slider-colec-gun-rugs-1024x490.jpg 1024w, https:\/\/tendenciashabitat.com\/wp-content\/uploads\/sites\/5\/2021\/09\/1-diamond-slider-colec-gun-rugs-300x144.jpg 300w, https:\/\/tendenciashabitat.com\/wp-content\/uploads\/sites\/5\/2021\/09\/1-diamond-slider-colec-gun-rugs-768x368.jpg 768w, https:\/\/tendenciashabitat.com\/wp-content\/uploads\/sites\/5\/2021\/09\/1-diamond-slider-colec-gun-rugs-1536x735.jpg 1536w, https:\/\/tendenciashabitat.com\/wp-content\/uploads\/sites\/5\/2021\/09\/1-diamond-slider-colec-gun-rugs-2048x980.jpg 2048w\" sizes=\"(max-width: 1024px) 100vw, 1024px\" \/><figcaption><a href=\"https:\/\/www.gan-rugs.com\/\">Gun Rugs<\/a><\/figcaption><\/figure>\n\n\n\n<p>Dentro de estos tejidos de exterior existen una amplia gama de productos, desde alfombras, cojines, tapicer\u00edas, manteler\u00edas, parasoles, toldos, con una extensa variedad en cuanto a texturas, materiales, motivos gr\u00e1ficos y colorido.<\/p>\n\n\n\n<figure class=\"wp-block-image alignfull size-large\"><img loading=\"lazy\" width=\"1024\" height=\"625\" src=\"https:\/\/tendenciashabitat.com\/wp-content\/uploads\/sites\/5\/2021\/09\/115687-designers-guild.jpg\" alt=\"\" class=\"wp-image-6820\" srcset=\"https:\/\/tendenciashabitat.com\/wp-content\/uploads\/sites\/5\/2021\/09\/115687-designers-guild.jpg 1024w, https:\/\/tendenciashabitat.com\/wp-content\/uploads\/sites\/5\/2021\/09\/115687-designers-guild-300x183.jpg 300w, https:\/\/tendenciashabitat.com\/wp-content\/uploads\/sites\/5\/2021\/09\/115687-designers-guild-768x469.jpg 768w\" sizes=\"(max-width: 1024px) 100vw, 1024px\" \/><figcaption><a href=\"https:\/\/www.designersguild.com\/es\/l0\">Designers Guild<\/a><\/figcaption><\/figure>\n\n\n\n<p>Pero como ya hemos comentado estas terrazas deben de disfrutarse durante todo el a\u00f1o, y cada vez vemos m\u00e1s productos que nos aportan esa calidez y comodidad durante los meses de oto\u00f1o e invierno, disfrutando del exterior pese al frio.<\/p>\n\n\n\n<p>Dise\u00f1os de chimeneas y braseros de le\u00f1a pensados para instalarse en el jard\u00edn o terraza siendo una fuente de calor para disfrutar de las veladas de invierno, con acabados y materiales anticorrosivos para resistir a las condiciones clim\u00e1ticas del exterior.<\/p>\n\n\n\n<figure class=\"wp-block-image alignfull size-large\"><img loading=\"lazy\" width=\"630\" height=\"410\" src=\"https:\/\/tendenciashabitat.com\/wp-content\/uploads\/sites\/5\/2021\/09\/cheminee-design-gyrofocus-outdoor-rouille-rvb.jpg\" alt=\"\" class=\"wp-image-6821\" srcset=\"https:\/\/tendenciashabitat.com\/wp-content\/uploads\/sites\/5\/2021\/09\/cheminee-design-gyrofocus-outdoor-rouille-rvb.jpg 630w, https:\/\/tendenciashabitat.com\/wp-content\/uploads\/sites\/5\/2021\/09\/cheminee-design-gyrofocus-outdoor-rouille-rvb-300x195.jpg 300w\" sizes=\"(max-width: 630px) 100vw, 630px\" \/><figcaption><a href=\"https:\/\/www.focus-chimeneas.es\/gyrofocus-outdoor\">Focus<\/a><\/figcaption><\/figure>\n\n\n\n<p>Tambi\u00e9n podemos elegir entre el mobiliario de exterior diferentes dise\u00f1os de sof\u00e1s modulares para terrazas grandes, tumbonas, pufs, mesas e incluso cocinas de exterior preparadas para disfrutar de las barbacoas o comidas entre amigos con todas las comodidades propias del interior, o incluso mobiliario pensado para peque\u00f1as terrazas o rincones exteriores de la casa donde poder leer, relajarse, tomar al algo\u2026 y disfrutar del contacto con el exterior o con la naturaleza.<\/p>\n\n\n\n<figure class=\"wp-block-image alignfull size-large\"><img loading=\"lazy\" width=\"797\" height=\"1024\" src=\"https:\/\/tendenciashabitat.com\/wp-content\/uploads\/sites\/5\/2021\/09\/liz-armchair-ludovica-roberto-palomba-expormim-furniture-outdoor-11-797x1024.jpg\" alt=\"\" class=\"wp-image-6822\" srcset=\"https:\/\/tendenciashabitat.com\/wp-content\/uploads\/sites\/5\/2021\/09\/liz-armchair-ludovica-roberto-palomba-expormim-furniture-outdoor-11-797x1024.jpg 797w, https:\/\/tendenciashabitat.com\/wp-content\/uploads\/sites\/5\/2021\/09\/liz-armchair-ludovica-roberto-palomba-expormim-furniture-outdoor-11-234x300.jpg 234w, https:\/\/tendenciashabitat.com\/wp-content\/uploads\/sites\/5\/2021\/09\/liz-armchair-ludovica-roberto-palomba-expormim-furniture-outdoor-11-768x986.jpg 768w, https:\/\/tendenciashabitat.com\/wp-content\/uploads\/sites\/5\/2021\/09\/liz-armchair-ludovica-roberto-palomba-expormim-furniture-outdoor-11.jpg 1168w\" sizes=\"(max-width: 797px) 100vw, 797px\" \/><figcaption><a href=\"https:\/\/www.expormim.com\/es\/productos\/liz-low-armchair\/\">Expormim<\/a><\/figcaption><\/figure>\n\n\n\n<figure class=\"wp-block-image alignfull size-large\"><img loading=\"lazy\" width=\"1024\" height=\"549\" src=\"https:\/\/tendenciashabitat.com\/wp-content\/uploads\/sites\/5\/2021\/09\/roda_norma_001_cooking_module.15457-roda-1024x549.jpg\" alt=\"\" class=\"wp-image-6823\" srcset=\"https:\/\/tendenciashabitat.com\/wp-content\/uploads\/sites\/5\/2021\/09\/roda_norma_001_cooking_module.15457-roda-1024x549.jpg 1024w, https:\/\/tendenciashabitat.com\/wp-content\/uploads\/sites\/5\/2021\/09\/roda_norma_001_cooking_module.15457-roda-300x161.jpg 300w, https:\/\/tendenciashabitat.com\/wp-content\/uploads\/sites\/5\/2021\/09\/roda_norma_001_cooking_module.15457-roda-768x412.jpg 768w, https:\/\/tendenciashabitat.com\/wp-content\/uploads\/sites\/5\/2021\/09\/roda_norma_001_cooking_module.15457-roda.jpg 1452w\" sizes=\"(max-width: 1024px) 100vw, 1024px\" \/><figcaption><a href=\"https:\/\/www.rodaonline.com\/en\">Roda<\/a><\/figcaption><\/figure>\n\n\n\n<figure class=\"wp-block-image alignfull size-large\"><img loading=\"lazy\" width=\"1024\" height=\"540\" src=\"https:\/\/tendenciashabitat.com\/wp-content\/uploads\/sites\/5\/2021\/09\/roda_arena.4131-1024x540.jpg\" alt=\"\" class=\"wp-image-6824\" srcset=\"https:\/\/tendenciashabitat.com\/wp-content\/uploads\/sites\/5\/2021\/09\/roda_arena.4131-1024x540.jpg 1024w, https:\/\/tendenciashabitat.com\/wp-content\/uploads\/sites\/5\/2021\/09\/roda_arena.4131-300x158.jpg 300w, https:\/\/tendenciashabitat.com\/wp-content\/uploads\/sites\/5\/2021\/09\/roda_arena.4131-768x405.jpg 768w, https:\/\/tendenciashabitat.com\/wp-content\/uploads\/sites\/5\/2021\/09\/roda_arena.4131.jpg 1440w\" sizes=\"(max-width: 1024px) 100vw, 1024px\" \/><figcaption><a href=\"https:\/\/www.rodaonline.com\/en\">Roda<\/a><\/figcaption><\/figure>\n\n\n\n<figure class=\"wp-block-image alignfull size-large\"><img loading=\"lazy\" width=\"1024\" height=\"645\" src=\"https:\/\/tendenciashabitat.com\/wp-content\/uploads\/sites\/5\/2021\/09\/foto_slider_1332_0_meshmodular_final_1_1-kettal-1-1024x645.jpg\" alt=\"\" class=\"wp-image-6826\" srcset=\"https:\/\/tendenciashabitat.com\/wp-content\/uploads\/sites\/5\/2021\/09\/foto_slider_1332_0_meshmodular_final_1_1-kettal-1-1024x645.jpg 1024w, https:\/\/tendenciashabitat.com\/wp-content\/uploads\/sites\/5\/2021\/09\/foto_slider_1332_0_meshmodular_final_1_1-kettal-1-300x189.jpg 300w, https:\/\/tendenciashabitat.com\/wp-content\/uploads\/sites\/5\/2021\/09\/foto_slider_1332_0_meshmodular_final_1_1-kettal-1-768x483.jpg 768w, https:\/\/tendenciashabitat.com\/wp-content\/uploads\/sites\/5\/2021\/09\/foto_slider_1332_0_meshmodular_final_1_1-kettal-1-1536x967.jpg 1536w, https:\/\/tendenciashabitat.com\/wp-content\/uploads\/sites\/5\/2021\/09\/foto_slider_1332_0_meshmodular_final_1_1-kettal-1-2048x1289.jpg 2048w\" sizes=\"(max-width: 1024px) 100vw, 1024px\" \/><figcaption><a href=\"https:\/\/kettal.com\/living\/es\/?___store=living_store_view_es&amp;___from_store=living_store_view_en\">Kettal<\/a><\/figcaption><\/figure>\n\n\n\n<p><\/p>\n<!-- AddThis Advanced Settings generic via filter on the_content --><!-- AddThis Share Buttons generic via filter on the_content -->","protected":false},"excerpt":{"rendered":"<p>Aunque poco a poco vamos volviendo a la normalidad, durante la pandemia, nuestros h\u00e1bitos de ocio, trabajo, nuestra forma de viajar y relacionarnos han cambiado. Es por eso, que hoteles, restaurantes y cafeter\u00edas, siguen adaptando sus espacios a la actualidad para seguir dando servicio a sus&#46;&#46;&#46;<!-- AddThis Advanced Settings generic via filter on get_the_excerpt --><!-- AddThis Share Buttons generic via filter on get_the_excerpt --><\/p>\n","protected":false},"author":92,"featured_media":6815,"comment_status":"closed","ping_status":"closed","sticky":false,"template":"","format":"standard","meta":{"_mi_skip_tracking":false,"_links_to":"","_links_to_target":""},"categories":[56],"tags":[],"_links":{"self":[{"href":"https:\/\/tendenciashabitat.com\/index.php?rest_route=\/wp\/v2\/posts\/6814"}],"collection":[{"href":"https:\/\/tendenciashabitat.com\/index.php?rest_route=\/wp\/v2\/posts"}],"about":[{"href":"https:\/\/tendenciashabitat.com\/index.php?rest_route=\/wp\/v2\/types\/post"}],"author":[{"embeddable":true,"href":"https:\/\/tendenciashabitat.com\/index.php?rest_route=\/wp\/v2\/users\/92"}],"replies":[{"embeddable":true,"href":"https:\/\/tendenciashabitat.com\/index.php?rest_route=%2Fwp%2Fv2%2Fcomments&post=6814"}],"version-history":[{"count":3,"href":"https:\/\/tendenciashabitat.com\/index.php?rest_route=\/wp\/v2\/posts\/6814\/revisions"}],"predecessor-version":[{"id":6829,"href":"https:\/\/tendenciashabitat.com\/index.php?rest_route=\/wp\/v2\/posts\/6814\/revisions\/6829"}],"wp:featuredmedia":[{"embeddable":true,"href":"https:\/\/tendenciashabitat.com\/index.php?rest_route=\/wp\/v2\/media\/6815"}],"wp:attachment":[{"href":"https:\/\/tendenciashabitat.com\/index.php?rest_route=%2Fwp%2Fv2%2Fmedia&parent=6814"}],"wp:term":[{"taxonomy":"category","embeddable":true,"href":"https:\/\/tendenciashabitat.com\/index.php?rest_route=%2Fwp%2Fv2%2Fcategories&post=6814"},{"taxonomy":"post_tag","embeddable":true,"href":"https:\/\/tendenciashabitat.com\/index.php?rest_route=%2Fwp%2Fv2%2Ftags&post=6814"}],"curies":[{"name":"wp","href":"https:\/\/api.w.org\/{rel}","templated":true}]}}