{"id":6886,"date":"2022-08-05T12:38:18","date_gmt":"2022-08-05T10:38:18","guid":{"rendered":"https:\/\/tendenciashabitat.com\/?p=6886"},"modified":"2022-08-05T12:40:48","modified_gmt":"2022-08-05T10:40:48","slug":"cuaderno-de-tendencias-del-habitat-22-23-2","status":"publish","type":"post","link":"https:\/\/tendenciashabitat.com\/?p=6886","title":{"rendered":"CTH &#8211; 22 \/ 23 Principales drivers"},"content":{"rendered":"\n<figure class=\"wp-block-image size-large\"><img loading=\"lazy\" width=\"1024\" height=\"768\" src=\"https:\/\/tendenciashabitat.com\/wp-content\/uploads\/sites\/5\/2022\/08\/Cuaderno-22-23-1024x768.jpg\" alt=\"\" class=\"wp-image-6888\" srcset=\"https:\/\/tendenciashabitat.com\/wp-content\/uploads\/sites\/5\/2022\/08\/Cuaderno-22-23-1024x768.jpg 1024w, https:\/\/tendenciashabitat.com\/wp-content\/uploads\/sites\/5\/2022\/08\/Cuaderno-22-23-300x225.jpg 300w, https:\/\/tendenciashabitat.com\/wp-content\/uploads\/sites\/5\/2022\/08\/Cuaderno-22-23-768x576.jpg 768w, https:\/\/tendenciashabitat.com\/wp-content\/uploads\/sites\/5\/2022\/08\/Cuaderno-22-23-1536x1152.jpg 1536w, https:\/\/tendenciashabitat.com\/wp-content\/uploads\/sites\/5\/2022\/08\/Cuaderno-22-23-2048x1536.jpg 2048w\" sizes=\"(max-width: 1024px) 100vw, 1024px\" \/><figcaption>CUADERNO DE TENDENCIAS DEL H\u00c1BITAT 22\/23 &#8211; 19\/20 &#8211; 13\/15 &#8211; 10\/11 &#8211; 08\/09<\/figcaption><\/figure>\n\n\n\n<p>La sociedad ha vivido un hecho hist\u00f3rico, una pandemia mundial que como todo acontecimiento disruptivo ha modificado el curso de la historia en muchos aspectos dentro y fuera del h\u00e1bitat. El desarrollo de la tecnolog\u00eda, la importancia del hogar, la seguridad, la salud y la sostenibilidad son <em>drivers<\/em> que est\u00e1n marcando la evoluci\u00f3n de las tendencias del h\u00e1bitat hoy, no solo dentro del hogar f\u00edsico, tambi\u00e9n en el exterior, en los espacios p\u00fablicos y en el consumidor como origen de todos estos cambios.<\/p>\n\n\n\n<p>El Observatorio de Tendencias del H\u00e1bitat (OTH) recoge en la quinta edici\u00f3n del <strong>Cuaderno de Tendencias del H\u00e1bitat 22\/23 <\/strong>estos <em>drivers <\/em>y se analizan en profundidad las tendencias en el mercado del h\u00e1bitat, identificando las distintas manifestaciones, motivos, causas e implicaciones. La publicaci\u00f3n, que ver\u00e1 la luz en los pr\u00f3ximos meses, recoge las propuestas de dise\u00f1o de producto, de evoluci\u00f3n sociocultural y de mercado que est\u00e1n marcando las tendencias en el h\u00e1bitat. A continuaci\u00f3n un breve avance del que ser\u00e1 el CTH22\/23:<\/p>\n\n\n\n<p>Si alg\u00fan espacio ha resultado protagonista en estos \u00faltimos tiempos ha sido el hogar, que se ha convertido en el centro vital durante meses. EL HOGAR GANA EN IMPORTANCIA y se adapta a las necesidades de los usuarios. Deja de ser un espacio \u00fanicamente para el descanso para convertirse en un espacio se seguridad, centro de todas las actividades, lo que ha provocado que viva uno de los momentos donde m\u00e1s importancia se est\u00e1 reconociendo.<\/p>\n\n\n\n<figure class=\"wp-block-image size-large\"><img loading=\"lazy\" width=\"1024\" height=\"576\" src=\"https:\/\/tendenciashabitat.com\/wp-content\/uploads\/sites\/5\/2022\/08\/imagen-cuaderno-1-1024x576.jpg\" alt=\"\" class=\"wp-image-6889\" srcset=\"https:\/\/tendenciashabitat.com\/wp-content\/uploads\/sites\/5\/2022\/08\/imagen-cuaderno-1-1024x576.jpg 1024w, https:\/\/tendenciashabitat.com\/wp-content\/uploads\/sites\/5\/2022\/08\/imagen-cuaderno-1-300x169.jpg 300w, https:\/\/tendenciashabitat.com\/wp-content\/uploads\/sites\/5\/2022\/08\/imagen-cuaderno-1-768x432.jpg 768w, https:\/\/tendenciashabitat.com\/wp-content\/uploads\/sites\/5\/2022\/08\/imagen-cuaderno-1.jpg 1366w\" sizes=\"(max-width: 1024px) 100vw, 1024px\" \/><figcaption>Imag.1 Oh-Lamp Studio Expormim  Imag.2 Proyecto Urban Village<\/figcaption><\/figure>\n\n\n\n<p>Algunas de las cuestiones que est\u00e1n potenciando los cambios en el h\u00e1bitat son:<\/p>\n\n\n\n<p><strong>LA CONCIENCIA DEL AUTOCUIDADO<\/strong> f\u00edsico y mental, tanto de espacios p\u00fablicos como privados. En ese tiempo, el habitante ha ido tomando conciencia del espacio y lo adapta para hacerlo m\u00e1s saludable y confortable. Se potencia como tendencia la adquisici\u00f3n de productos que proporcionen soluciones de comodidad y seguridad, priorizando el uso consciente de materiales naturales, productos que ayuden a sentirse bien, que protejan, que cuiden no solo a nivel f\u00edsico, tambi\u00e9n a nivel emocional.<\/p>\n\n\n\n<p><strong>EL CONFORT DEL PASADO<\/strong>: la necesidad de seguridad sentida en los \u00faltimos tiempos ha llevado a un resurgir de la nostalgia dentro del hogar. El retorno hacia lo aut\u00e9ntico, hacia las ra\u00edces, reconforta y aporta bienestar ante la incertidumbre. Por un lado, a trav\u00e9s de los objetos antiguos e incluso el inter\u00e9s por objetos ic\u00f3nicos redise\u00f1ados o con est\u00e9tica <em>vintage.<\/em> Por otro lado la explosi\u00f3n de las creaciones artesanas sigue evolucionando y ganando espacio dentro del h\u00e1bitat tambi\u00e9n impulsada por la preocupaci\u00f3n ambiental y el reducir el consumo de productos sin renunciar a la est\u00e9tica y a la creatividad.<\/p>\n\n\n\n<figure class=\"wp-block-image size-large\"><img loading=\"lazy\" width=\"1024\" height=\"576\" src=\"https:\/\/tendenciashabitat.com\/wp-content\/uploads\/sites\/5\/2022\/08\/imagen-cuaderno-2-1024x576.jpg\" alt=\"\" class=\"wp-image-6891\" srcset=\"https:\/\/tendenciashabitat.com\/wp-content\/uploads\/sites\/5\/2022\/08\/imagen-cuaderno-2-1024x576.jpg 1024w, https:\/\/tendenciashabitat.com\/wp-content\/uploads\/sites\/5\/2022\/08\/imagen-cuaderno-2-300x169.jpg 300w, https:\/\/tendenciashabitat.com\/wp-content\/uploads\/sites\/5\/2022\/08\/imagen-cuaderno-2-768x432.jpg 768w, https:\/\/tendenciashabitat.com\/wp-content\/uploads\/sites\/5\/2022\/08\/imagen-cuaderno-2.jpg 1366w\" sizes=\"(max-width: 1024px) 100vw, 1024px\" \/><figcaption>Imag.1 Ma-Rock &#8211; Imag.2 Sancal Purple<\/figcaption><\/figure>\n\n\n\n<p><strong>ESPACIOS VIVIBLES<\/strong>: El exterior cobra protagonismo y los espacios al aire libre se acomodan para ser vividos. Se equipan terrazas, balcones o jardines para transformarlos en espacios de trabajo, de ocio o de descanso como continuidad del espacio interior. Se valora tambi\u00e9n la conexi\u00f3n con los individuos, el contacto con la comunidad. Ganan importancia los proyectos en las ciudades que facilitan la socializaci\u00f3n de los vecinos.<\/p>\n\n\n\n<p><strong>LA EXPLOSI\u00d3N DE LA TECNOLOG\u00cdA<\/strong>: Durante muchos meses, la tecnolog\u00eda fue la \u00fanica ventana al exterior. La comunicaci\u00f3n con los seres queridos, las compras, el trabajo o los estudios solo ten\u00edan una v\u00eda: la tecnol\u00f3gica. Este curso acelerado ha propiciado que el usuario se vuelva un experto en tiempo r\u00e9cord y ha obligado tambi\u00e9n a la distribuci\u00f3n a adaptar sus canales de venta y a implantar herramientas digitales como el <em>social commerce<\/em> (venta a trav\u00e9s de las redes sociales como Whatsapp o Instagram) o el <em>coviewing<\/em> (asistencia personal para compras online) e incluso a modificar los medios de pago y aceptar criptomonedas para transacciones en el mundo real.<\/p>\n\n\n\n<figure class=\"wp-block-image size-large\"><img loading=\"lazy\" width=\"1024\" height=\"576\" src=\"https:\/\/tendenciashabitat.com\/wp-content\/uploads\/sites\/5\/2022\/08\/imagen-cuaderno-3-1024x576.jpg\" alt=\"\" class=\"wp-image-6892\" srcset=\"https:\/\/tendenciashabitat.com\/wp-content\/uploads\/sites\/5\/2022\/08\/imagen-cuaderno-3-1024x576.jpg 1024w, https:\/\/tendenciashabitat.com\/wp-content\/uploads\/sites\/5\/2022\/08\/imagen-cuaderno-3-300x169.jpg 300w, https:\/\/tendenciashabitat.com\/wp-content\/uploads\/sites\/5\/2022\/08\/imagen-cuaderno-3-768x432.jpg 768w, https:\/\/tendenciashabitat.com\/wp-content\/uploads\/sites\/5\/2022\/08\/imagen-cuaderno-3.jpg 1366w\" sizes=\"(max-width: 1024px) 100vw, 1024px\" \/><figcaption>Imag. 1 Samsung &#8211; Imag. 2 Pantone Gallery<\/figcaption><\/figure>\n\n\n\n<p><strong>EXPERIMENTAR PARA MEJORAR<\/strong>: Tambi\u00e9n se observa una clara tendencia hacia la experimentaci\u00f3n en los materiales. La ciencia y la investigaci\u00f3n se alinean con la preocupaci\u00f3n medioambiental y la sostenibilidad. Se dedican recursos a generar nuevos materiales, bien a partir de productos de deshecho, biomateriales, compuestos org\u00e1nicos o materiales sint\u00e9ticos sustitutivos perfectos de otros de origen animal. Innovaciones sostenibles que pretenden explorar soluciones sostenibles para el h\u00e1bitat.<\/p>\n\n\n\n<div class=\"wp-block-buttons aligncenter\">\n<div class=\"wp-block-button is-style-fill\"><a class=\"wp-block-button__link has-black-color has-text-color has-background no-border-radius\" href=\"https:\/\/tendenciashabitat.com\/?page_id=6047\" style=\"background-color:#dcbcc0\" target=\"_blank\" rel=\"noreferrer noopener\"><strong>Visualiza el informe completo GRATIS aqu\u00ed<\/strong><\/a><\/div>\n<\/div>\n\n\n\n<h2>OTH EN MEDIOS<\/h2>\n\n\n\n<div class=\"wp-block-columns\">\n<div class=\"wp-block-column\">\n<figure class=\"wp-block-image size-large\"><a href=\"https:\/\/plazatv.valenciaplaza.com\/tendencias-del-habitat\"><img loading=\"lazy\" width=\"688\" height=\"482\" src=\"https:\/\/tendenciashabitat.com\/wp-content\/uploads\/sites\/5\/2022\/08\/video-1.jpg\" alt=\"\" class=\"wp-image-6897\" srcset=\"https:\/\/tendenciashabitat.com\/wp-content\/uploads\/sites\/5\/2022\/08\/video-1.jpg 688w, https:\/\/tendenciashabitat.com\/wp-content\/uploads\/sites\/5\/2022\/08\/video-1-300x210.jpg 300w\" sizes=\"(max-width: 688px) 100vw, 688px\" \/><\/a><\/figure>\n<\/div>\n\n\n\n<div class=\"wp-block-column\">\n<figure class=\"wp-block-image size-large\"><a href=\"https:\/\/999plazaradio.valenciaplaza.com\/tendenciasdelhabitatsostenibilidadsaludydigitalizacion\"><img loading=\"lazy\" width=\"688\" height=\"482\" src=\"https:\/\/tendenciashabitat.com\/wp-content\/uploads\/sites\/5\/2022\/08\/podcast-1.jpg\" alt=\"\" class=\"wp-image-6898\" srcset=\"https:\/\/tendenciashabitat.com\/wp-content\/uploads\/sites\/5\/2022\/08\/podcast-1.jpg 688w, https:\/\/tendenciashabitat.com\/wp-content\/uploads\/sites\/5\/2022\/08\/podcast-1-300x210.jpg 300w\" sizes=\"(max-width: 688px) 100vw, 688px\" \/><\/a><\/figure>\n<\/div>\n\n\n\n<div class=\"wp-block-column\">\n<figure class=\"wp-block-image size-large\"><a href=\"https:\/\/www.cope.es\/emisoras\/comunidad-valenciana\/castellon-provincia\/castellon\/ceracope\/audios\/ceracope-castellon-19-07-2022-20220719_2010478\"><img loading=\"lazy\" width=\"688\" height=\"482\" src=\"https:\/\/tendenciashabitat.com\/wp-content\/uploads\/sites\/5\/2022\/08\/podcast2-1.jpg\" alt=\"\" class=\"wp-image-6899\" srcset=\"https:\/\/tendenciashabitat.com\/wp-content\/uploads\/sites\/5\/2022\/08\/podcast2-1.jpg 688w, https:\/\/tendenciashabitat.com\/wp-content\/uploads\/sites\/5\/2022\/08\/podcast2-1-300x210.jpg 300w\" sizes=\"(max-width: 688px) 100vw, 688px\" \/><\/a><\/figure>\n<\/div>\n\n\n\n<div class=\"wp-block-column\">\n<figure class=\"wp-block-image size-large\"><a href=\"https:\/\/open.spotify.com\/episode\/5zQeoA6jWmmgzHE4IALNEg?go=1&amp;sp_cid=4872c35f54daf7ffa7755359aff39df1&amp;t=139&amp;utm_source=embed_player_p&amp;utm_medium=desktop&amp;nd=1\"><img loading=\"lazy\" width=\"688\" height=\"482\" src=\"https:\/\/tendenciashabitat.com\/wp-content\/uploads\/sites\/5\/2022\/08\/ENTREVISTA-1.jpg\" alt=\"\" class=\"wp-image-6901\" srcset=\"https:\/\/tendenciashabitat.com\/wp-content\/uploads\/sites\/5\/2022\/08\/ENTREVISTA-1.jpg 688w, https:\/\/tendenciashabitat.com\/wp-content\/uploads\/sites\/5\/2022\/08\/ENTREVISTA-1-300x210.jpg 300w\" sizes=\"(max-width: 688px) 100vw, 688px\" \/><\/a><\/figure>\n<\/div>\n<\/div>\n\n\n\n<p>El Observatorio de Tendencias del H\u00e1bitat (OTH) es un sistema de generaci\u00f3n y difusi\u00f3n de conocimiento relativo a las tendencias, impulsado por tres Institutos Tecnol\u00f3gicos complementarios para la industria del h\u00e1bitat: AIDIMME (Instituto Tecnol\u00f3gico Metalmec\u00e1nico, Mueble, Madera, Embalaje y Afines), ITC (Instituto de Tecnolog\u00eda Cer\u00e1mica) y AITEX (Instituto Textil) y puesto en marcha gracias al apoyo del Instituto Valenciano de Competitividad Empresarial (IVACE) de la Conseller\u00eda de Econom\u00eda Sostenible, Sectores Productivos, Comercio y Trabajo.<\/p>\n\n\n\n<p>El OTH nace con la vocaci\u00f3n de ser herramienta de informaci\u00f3n \u00fatil y creativa que sirve de apoyo para la toma de decisiones estrat\u00e9gicas en las empresas (dise\u00f1o, comunicaci\u00f3n, marketing, estrategia empresarial, etc.) y que aporta informaci\u00f3n de medio plazo para el Sistema de Inteligencia Competitiva del H\u00e1bitat. Para m\u00e1s informaci\u00f3n <a href=\"http:\/\/www.tendenciashabitat.com\">www.tendenciashabitat.com<\/a><\/p>\n\n\n\n<p><\/p>\n\n\n\n<blockquote class=\"wp-block-quote\"><p>\u201cEsperamos que sea sobre todo \u00fatil e inspirador. Adem\u00e1s os invitamos a navegar por los infinitos enlaces.\u201d<\/p><p>Todas las im\u00e1genes publicadas contienen \u00a9 <\/p><\/blockquote>\n\n\n\n<div class=\"wp-block-columns\">\n<div class=\"wp-block-column\">\n<figure class=\"wp-block-image size-large\"><img loading=\"lazy\" width=\"1024\" height=\"269\" src=\"https:\/\/tendenciashabitat.com\/wp-content\/uploads\/sites\/5\/2020\/06\/IVACE-1024x269.png\" alt=\"\" class=\"wp-image-6403\" srcset=\"https:\/\/tendenciashabitat.com\/wp-content\/uploads\/sites\/5\/2020\/06\/IVACE-1024x269.png 1024w, https:\/\/tendenciashabitat.com\/wp-content\/uploads\/sites\/5\/2020\/06\/IVACE-300x79.png 300w, https:\/\/tendenciashabitat.com\/wp-content\/uploads\/sites\/5\/2020\/06\/IVACE-768x202.png 768w, https:\/\/tendenciashabitat.com\/wp-content\/uploads\/sites\/5\/2020\/06\/IVACE-1536x404.png 1536w, https:\/\/tendenciashabitat.com\/wp-content\/uploads\/sites\/5\/2020\/06\/IVACE-2048x538.png 2048w\" sizes=\"(max-width: 1024px) 100vw, 1024px\" \/><figcaption>Financiado por:<\/figcaption><\/figure>\n\n\n\n<p><\/p>\n<\/div>\n\n\n\n<div class=\"wp-block-column\">\n<figure class=\"wp-block-image size-large\"><img loading=\"lazy\" width=\"1024\" height=\"130\" src=\"https:\/\/tendenciashabitat.com\/wp-content\/uploads\/sites\/5\/2020\/06\/Mesa-de-trabajo-2-1024x130.png\" alt=\"\" class=\"wp-image-6383\" srcset=\"https:\/\/tendenciashabitat.com\/wp-content\/uploads\/sites\/5\/2020\/06\/Mesa-de-trabajo-2-1024x130.png 1024w, https:\/\/tendenciashabitat.com\/wp-content\/uploads\/sites\/5\/2020\/06\/Mesa-de-trabajo-2-300x38.png 300w, https:\/\/tendenciashabitat.com\/wp-content\/uploads\/sites\/5\/2020\/06\/Mesa-de-trabajo-2-768x98.png 768w, https:\/\/tendenciashabitat.com\/wp-content\/uploads\/sites\/5\/2020\/06\/Mesa-de-trabajo-2-1536x195.png 1536w, https:\/\/tendenciashabitat.com\/wp-content\/uploads\/sites\/5\/2020\/06\/Mesa-de-trabajo-2-2048x260.png 2048w\" sizes=\"(max-width: 1024px) 100vw, 1024px\" \/><figcaption>Realizado por:<\/figcaption><\/figure>\n<\/div>\n<\/div>\n\n\n\n<p>Inteligencia Competitiva. L\u00ednea Nominativa apoyo a Centros Tecnol\u00f3gicos 2021.<\/p>\n<!-- AddThis Advanced Settings generic via filter on the_content --><!-- AddThis Share Buttons generic via filter on the_content -->","protected":false},"excerpt":{"rendered":"<p>La sociedad ha vivido un hecho hist\u00f3rico, una pandemia mundial que como todo acontecimiento disruptivo ha modificado el curso de la historia en muchos aspectos dentro y fuera del h\u00e1bitat. El desarrollo de la tecnolog\u00eda, la importancia del hogar, la seguridad, la salud y la sostenibilidad&#46;&#46;&#46;<!-- AddThis Advanced Settings generic via filter on get_the_excerpt --><!-- AddThis Share Buttons generic via filter on get_the_excerpt --><\/p>\n","protected":false},"author":7,"featured_media":6888,"comment_status":"closed","ping_status":"closed","sticky":false,"template":"","format":"standard","meta":{"_mi_skip_tracking":false,"_links_to":"","_links_to_target":""},"categories":[56],"tags":[150],"_links":{"self":[{"href":"https:\/\/tendenciashabitat.com\/index.php?rest_route=\/wp\/v2\/posts\/6886"}],"collection":[{"href":"https:\/\/tendenciashabitat.com\/index.php?rest_route=\/wp\/v2\/posts"}],"about":[{"href":"https:\/\/tendenciashabitat.com\/index.php?rest_route=\/wp\/v2\/types\/post"}],"author":[{"embeddable":true,"href":"https:\/\/tendenciashabitat.com\/index.php?rest_route=\/wp\/v2\/users\/7"}],"replies":[{"embeddable":true,"href":"https:\/\/tendenciashabitat.com\/index.php?rest_route=%2Fwp%2Fv2%2Fcomments&post=6886"}],"version-history":[{"count":8,"href":"https:\/\/tendenciashabitat.com\/index.php?rest_route=\/wp\/v2\/posts\/6886\/revisions"}],"predecessor-version":[{"id":6906,"href":"https:\/\/tendenciashabitat.com\/index.php?rest_route=\/wp\/v2\/posts\/6886\/revisions\/6906"}],"wp:featuredmedia":[{"embeddable":true,"href":"https:\/\/tendenciashabitat.com\/index.php?rest_route=\/wp\/v2\/media\/6888"}],"wp:attachment":[{"href":"https:\/\/tendenciashabitat.com\/index.php?rest_route=%2Fwp%2Fv2%2Fmedia&parent=6886"}],"wp:term":[{"taxonomy":"category","embeddable":true,"href":"https:\/\/tendenciashabitat.com\/index.php?rest_route=%2Fwp%2Fv2%2Fcategories&post=6886"},{"taxonomy":"post_tag","embeddable":true,"href":"https:\/\/tendenciashabitat.com\/index.php?rest_route=%2Fwp%2Fv2%2Ftags&post=6886"}],"curies":[{"name":"wp","href":"https:\/\/api.w.org\/{rel}","templated":true}]}}