{"id":6923,"date":"2023-04-04T16:00:23","date_gmt":"2023-04-04T14:00:23","guid":{"rendered":"https:\/\/tendenciashabitat.com\/?p=6923"},"modified":"2023-06-20T15:05:45","modified_gmt":"2023-06-20T13:05:45","slug":"cuaderno-de-tendencias-del-habitat-22-23-3","status":"publish","type":"post","link":"https:\/\/tendenciashabitat.com\/?p=6923","title":{"rendered":"3 Ferias 3 videos"},"content":{"rendered":"\n<p>Las Ferias y eventos presenciales juegan un papel muy importante en el trabajo de investigaci\u00f3n del Observatorio de Tendencias del Habitat, estamos plet\u00f3ricos por haber recuperado la actividad que m\u00e1s nos enriquece en el proceso de investigaci\u00f3n de tendencias.<\/p>\n\n\n\n<p><em><strong>Despu\u00e9s de la pausa hemos retomado la presencialidad, dando m\u00e1s valor a la interacci\u00f3n con las personas y las marcas.<\/strong><\/em><\/p>\n\n\n\n<p><\/p>\n\n\n\n<div class=\"wp-block-columns\">\n<div class=\"wp-block-column\" style=\"flex-basis:33.33%\">\n<figure class=\"wp-block-image size-large\"><img loading=\"lazy\" width=\"1024\" height=\"576\" src=\"https:\/\/tendenciashabitat.com\/wp-content\/uploads\/sites\/5\/2023\/04\/Presentacion-FHaV-1024x576.jpg\" alt=\"\" class=\"wp-image-6927\" srcset=\"https:\/\/tendenciashabitat.com\/wp-content\/uploads\/sites\/5\/2023\/04\/Presentacion-FHaV-1024x576.jpg 1024w, https:\/\/tendenciashabitat.com\/wp-content\/uploads\/sites\/5\/2023\/04\/Presentacion-FHaV-300x169.jpg 300w, https:\/\/tendenciashabitat.com\/wp-content\/uploads\/sites\/5\/2023\/04\/Presentacion-FHaV-768x432.jpg 768w, https:\/\/tendenciashabitat.com\/wp-content\/uploads\/sites\/5\/2023\/04\/Presentacion-FHaV-1536x864.jpg 1536w, https:\/\/tendenciashabitat.com\/wp-content\/uploads\/sites\/5\/2023\/04\/Presentacion-FHaV.jpg 1707w\" sizes=\"(max-width: 1024px) 100vw, 1024px\" \/><figcaption>La verdadera familia OTH<\/figcaption><\/figure>\n<\/div>\n\n\n\n<div class=\"wp-block-column\" style=\"flex-basis:66.66%\">\n<p>Comenzamos con la visita y presentaci\u00f3n del Cuaderno de Tendencias del Habitat 22\/23 en Feria H\u00e1bitat Valencia donde compartimos con un gran n\u00famero de asistentes los cambios en la sociedad, la cultura, el marketing y el h\u00e1bitat.<\/p>\n<\/div>\n<\/div>\n\n\n\n<div class=\"wp-block-columns\">\n<div class=\"wp-block-column\" style=\"flex-basis:66.66%\">\n<p>Inmediatamente despu\u00e9s viajamos hasta la Feria Cersaie (Bolonia) para asistir al escaparate internacional del dise\u00f1o de superficies cer\u00e1micas, mobiliario de ba\u00f1o y acabados para el dise\u00f1o arquitect\u00f3nico, m\u00e1s de 50km recorridos y muchas conversaciones sobre novedades acerca del sector cer\u00e1mico internacional.<\/p>\n<\/div>\n\n\n\n<div class=\"wp-block-column\" style=\"flex-basis:33.33%\">\n<figure class=\"wp-block-image size-large\"><img loading=\"lazy\" width=\"1024\" height=\"575\" src=\"https:\/\/tendenciashabitat.com\/wp-content\/uploads\/sites\/5\/2023\/04\/presentacion-cersaie-1024x575.jpg\" alt=\"\" class=\"wp-image-6928\" srcset=\"https:\/\/tendenciashabitat.com\/wp-content\/uploads\/sites\/5\/2023\/04\/presentacion-cersaie-1024x575.jpg 1024w, https:\/\/tendenciashabitat.com\/wp-content\/uploads\/sites\/5\/2023\/04\/presentacion-cersaie-300x168.jpg 300w, https:\/\/tendenciashabitat.com\/wp-content\/uploads\/sites\/5\/2023\/04\/presentacion-cersaie-768x431.jpg 768w, https:\/\/tendenciashabitat.com\/wp-content\/uploads\/sites\/5\/2023\/04\/presentacion-cersaie.jpg 1199w\" sizes=\"(max-width: 1024px) 100vw, 1024px\" \/><figcaption>Compartimos nuestro conocimiento<\/figcaption><\/figure>\n<\/div>\n<\/div>\n\n\n\n<div class=\"wp-block-columns\">\n<div class=\"wp-block-column\" style=\"flex-basis:33.33%\">\n<figure class=\"wp-block-image size-large\"><img loading=\"lazy\" width=\"725\" height=\"434\" src=\"https:\/\/tendenciashabitat.com\/wp-content\/uploads\/sites\/5\/2023\/04\/Cevisama-Ascer-1.jpg\" alt=\"\" class=\"wp-image-6935\" srcset=\"https:\/\/tendenciashabitat.com\/wp-content\/uploads\/sites\/5\/2023\/04\/Cevisama-Ascer-1.jpg 725w, https:\/\/tendenciashabitat.com\/wp-content\/uploads\/sites\/5\/2023\/04\/Cevisama-Ascer-1-300x180.jpg 300w\" sizes=\"(max-width: 725px) 100vw, 725px\" \/><figcaption>Presentaci\u00f3n de Novedades Cevisama&#8217;2023<\/figcaption><\/figure>\n<\/div>\n\n\n\n<div class=\"wp-block-column\" style=\"flex-basis:66.66%\">\n<p>Una ligera parada hasta febrero y lleg\u00f3 Cevisama\u201923 donde tuvimos la oportunidad de presentar las novedades de la mano de Tile Of Spain, un evento para la prensa internacional donde se habla de cer\u00e1mica, interiorismo y tendencias.<\/p>\n<\/div>\n<\/div>\n\n\n\n<div class=\"wp-block-columns\">\n<div class=\"wp-block-column\" style=\"flex-basis:66.66%\">\n<div class=\"wp-block-columns\">\n<div class=\"wp-block-column\">\n<figure class=\"wp-block-image size-large\"><a href=\"https:\/\/www.youtube.com\/watch?v=VZu2t_XgWUE\" target=\"_blank\" rel=\"noopener noreferrer\"><img loading=\"lazy\" width=\"1024\" height=\"1024\" src=\"https:\/\/tendenciashabitat.com\/wp-content\/uploads\/sites\/5\/2023\/04\/7-1024x1024.png\" alt=\"\" class=\"wp-image-6930\" srcset=\"https:\/\/tendenciashabitat.com\/wp-content\/uploads\/sites\/5\/2023\/04\/7-1024x1024.png 1024w, https:\/\/tendenciashabitat.com\/wp-content\/uploads\/sites\/5\/2023\/04\/7-300x300.png 300w, https:\/\/tendenciashabitat.com\/wp-content\/uploads\/sites\/5\/2023\/04\/7-150x150.png 150w, https:\/\/tendenciashabitat.com\/wp-content\/uploads\/sites\/5\/2023\/04\/7-768x768.png 768w, https:\/\/tendenciashabitat.com\/wp-content\/uploads\/sites\/5\/2023\/04\/7-80x80.png 80w, https:\/\/tendenciashabitat.com\/wp-content\/uploads\/sites\/5\/2023\/04\/7-320x320.png 320w, https:\/\/tendenciashabitat.com\/wp-content\/uploads\/sites\/5\/2023\/04\/7.png 1080w\" sizes=\"(max-width: 1024px) 100vw, 1024px\" \/><\/a><\/figure>\n<\/div>\n\n\n\n<div class=\"wp-block-column\">\n<figure class=\"wp-block-image size-large\"><a href=\"https:\/\/www.youtube.com\/watch?v=kcHFBmc0Jzc&amp;t=266s\" target=\"_blank\" rel=\"noopener noreferrer\"><img loading=\"lazy\" width=\"1024\" height=\"1024\" src=\"https:\/\/tendenciashabitat.com\/wp-content\/uploads\/sites\/5\/2023\/04\/Presentacion-de-novedades-del-sector-ceramico-espanol-Rueda-de-prensa-internacional-en-Cevisama-2023-1024x1024.png\" alt=\"\" class=\"wp-image-6946\" srcset=\"https:\/\/tendenciashabitat.com\/wp-content\/uploads\/sites\/5\/2023\/04\/Presentacion-de-novedades-del-sector-ceramico-espanol-Rueda-de-prensa-internacional-en-Cevisama-2023-1024x1024.png 1024w, https:\/\/tendenciashabitat.com\/wp-content\/uploads\/sites\/5\/2023\/04\/Presentacion-de-novedades-del-sector-ceramico-espanol-Rueda-de-prensa-internacional-en-Cevisama-2023-300x300.png 300w, https:\/\/tendenciashabitat.com\/wp-content\/uploads\/sites\/5\/2023\/04\/Presentacion-de-novedades-del-sector-ceramico-espanol-Rueda-de-prensa-internacional-en-Cevisama-2023-150x150.png 150w, https:\/\/tendenciashabitat.com\/wp-content\/uploads\/sites\/5\/2023\/04\/Presentacion-de-novedades-del-sector-ceramico-espanol-Rueda-de-prensa-internacional-en-Cevisama-2023-768x768.png 768w, https:\/\/tendenciashabitat.com\/wp-content\/uploads\/sites\/5\/2023\/04\/Presentacion-de-novedades-del-sector-ceramico-espanol-Rueda-de-prensa-internacional-en-Cevisama-2023-80x80.png 80w, https:\/\/tendenciashabitat.com\/wp-content\/uploads\/sites\/5\/2023\/04\/Presentacion-de-novedades-del-sector-ceramico-espanol-Rueda-de-prensa-internacional-en-Cevisama-2023-320x320.png 320w, https:\/\/tendenciashabitat.com\/wp-content\/uploads\/sites\/5\/2023\/04\/Presentacion-de-novedades-del-sector-ceramico-espanol-Rueda-de-prensa-internacional-en-Cevisama-2023.png 1080w\" sizes=\"(max-width: 1024px) 100vw, 1024px\" \/><\/a><\/figure>\n<\/div>\n\n\n\n<div class=\"wp-block-column\">\n<figure class=\"wp-block-image size-large\"><a href=\"https:\/\/youtu.be\/uZNuhvcW_yw\" target=\"_blank\" rel=\"noopener noreferrer\"><img loading=\"lazy\" width=\"1024\" height=\"1024\" src=\"https:\/\/tendenciashabitat.com\/wp-content\/uploads\/sites\/5\/2023\/04\/9-1024x1024.jpg\" alt=\"\" class=\"wp-image-6932\" srcset=\"https:\/\/tendenciashabitat.com\/wp-content\/uploads\/sites\/5\/2023\/04\/9-1024x1024.jpg 1024w, https:\/\/tendenciashabitat.com\/wp-content\/uploads\/sites\/5\/2023\/04\/9-300x300.jpg 300w, https:\/\/tendenciashabitat.com\/wp-content\/uploads\/sites\/5\/2023\/04\/9-150x150.jpg 150w, https:\/\/tendenciashabitat.com\/wp-content\/uploads\/sites\/5\/2023\/04\/9-768x768.jpg 768w, https:\/\/tendenciashabitat.com\/wp-content\/uploads\/sites\/5\/2023\/04\/9-80x80.jpg 80w, https:\/\/tendenciashabitat.com\/wp-content\/uploads\/sites\/5\/2023\/04\/9-320x320.jpg 320w, https:\/\/tendenciashabitat.com\/wp-content\/uploads\/sites\/5\/2023\/04\/9.jpg 1080w\" sizes=\"(max-width: 1024px) 100vw, 1024px\" \/><\/a><\/figure>\n<\/div>\n<\/div>\n<\/div>\n\n\n\n<div class=\"wp-block-column\" style=\"flex-basis:33.33%\">\n<p><strong>Echa un vistazo a los videos<\/strong><\/p>\n\n\n\n<p>Queremos que teng\u00e1is a mano los videos con la presentaci\u00f3n del Cuaderno de Tendencias del Habitat en FHaV&#8217;22, y los dos recopilatorios de lo visto en las Ferias de Cer\u00e1mica, Cersaie\u201922 y Cevisama\u00b423<\/p>\n<\/div>\n<\/div>\n\n\n\n<hr class=\"wp-block-separator\" \/>\n\n\n\n<div class=\"wp-block-buttons aligncenter\">\n<div class=\"wp-block-button is-style-fill\"><a class=\"wp-block-button__link has-black-color has-text-color has-background no-border-radius\" href=\"https:\/\/tendenciashabitat.com\/?page_id=6047\" style=\"background-color:#dcbcc0\" target=\"_blank\" rel=\"noreferrer noopener\"><strong>Visualiza el Cuaderno de Tendencias del H\u00e1bitat 22\/23 GRATIS aqu\u00ed<\/strong><\/a><\/div>\n<\/div>\n\n\n\n<p><\/p>\n\n\n\n<blockquote class=\"wp-block-quote\"><p>\u201cEsperamos que sea sobre todo \u00fatil e inspirador. Adem\u00e1s os invitamos a navegar por los infinitos enlaces.\u201d<\/p><p>Todas las im\u00e1genes publicadas contienen \u00a9 <\/p><\/blockquote>\n\n\n\n<div class=\"wp-block-columns\">\n<div class=\"wp-block-column\">\n<figure class=\"wp-block-image size-large\"><img loading=\"lazy\" width=\"1024\" height=\"269\" src=\"https:\/\/tendenciashabitat.com\/wp-content\/uploads\/sites\/5\/2020\/06\/IVACE-1024x269.png\" alt=\"\" class=\"wp-image-6403\" srcset=\"https:\/\/tendenciashabitat.com\/wp-content\/uploads\/sites\/5\/2020\/06\/IVACE-1024x269.png 1024w, https:\/\/tendenciashabitat.com\/wp-content\/uploads\/sites\/5\/2020\/06\/IVACE-300x79.png 300w, https:\/\/tendenciashabitat.com\/wp-content\/uploads\/sites\/5\/2020\/06\/IVACE-768x202.png 768w, https:\/\/tendenciashabitat.com\/wp-content\/uploads\/sites\/5\/2020\/06\/IVACE-1536x404.png 1536w, https:\/\/tendenciashabitat.com\/wp-content\/uploads\/sites\/5\/2020\/06\/IVACE-2048x538.png 2048w\" sizes=\"(max-width: 1024px) 100vw, 1024px\" \/><figcaption>Financiado por:<\/figcaption><\/figure>\n\n\n\n<p><\/p>\n<\/div>\n\n\n\n<div class=\"wp-block-column\">\n<figure class=\"wp-block-image size-large\"><img loading=\"lazy\" width=\"1024\" height=\"130\" src=\"https:\/\/tendenciashabitat.com\/wp-content\/uploads\/sites\/5\/2020\/06\/Mesa-de-trabajo-2-1024x130.png\" alt=\"\" class=\"wp-image-6383\" srcset=\"https:\/\/tendenciashabitat.com\/wp-content\/uploads\/sites\/5\/2020\/06\/Mesa-de-trabajo-2-1024x130.png 1024w, https:\/\/tendenciashabitat.com\/wp-content\/uploads\/sites\/5\/2020\/06\/Mesa-de-trabajo-2-300x38.png 300w, https:\/\/tendenciashabitat.com\/wp-content\/uploads\/sites\/5\/2020\/06\/Mesa-de-trabajo-2-768x98.png 768w, https:\/\/tendenciashabitat.com\/wp-content\/uploads\/sites\/5\/2020\/06\/Mesa-de-trabajo-2-1536x195.png 1536w, https:\/\/tendenciashabitat.com\/wp-content\/uploads\/sites\/5\/2020\/06\/Mesa-de-trabajo-2-2048x260.png 2048w\" sizes=\"(max-width: 1024px) 100vw, 1024px\" \/><figcaption>Realizado por:<\/figcaption><\/figure>\n<\/div>\n<\/div>\n\n\n\n<p>Inteligencia Competitiva. L\u00ednea Nominativa apoyo a Centros Tecnol\u00f3gicos 2021.<\/p>\n<!-- AddThis Advanced Settings generic via filter on the_content --><!-- AddThis Share Buttons generic via filter on the_content -->","protected":false},"excerpt":{"rendered":"<p>Las Ferias y eventos presenciales juegan un papel muy importante en el trabajo de investigaci\u00f3n del Observatorio de Tendencias del Habitat, estamos plet\u00f3ricos por haber recuperado la actividad que m\u00e1s nos enriquece en el proceso de investigaci\u00f3n de tendencias. Despu\u00e9s de la pausa hemos retomado la&#46;&#46;&#46;<!-- AddThis Advanced Settings generic via filter on get_the_excerpt --><!-- AddThis Share Buttons generic via filter on get_the_excerpt --><\/p>\n","protected":false},"author":93,"featured_media":6948,"comment_status":"closed","ping_status":"closed","sticky":false,"template":"","format":"standard","meta":{"_mi_skip_tracking":false,"_links_to":"","_links_to_target":""},"categories":[56],"tags":[150],"_links":{"self":[{"href":"https:\/\/tendenciashabitat.com\/index.php?rest_route=\/wp\/v2\/posts\/6923"}],"collection":[{"href":"https:\/\/tendenciashabitat.com\/index.php?rest_route=\/wp\/v2\/posts"}],"about":[{"href":"https:\/\/tendenciashabitat.com\/index.php?rest_route=\/wp\/v2\/types\/post"}],"author":[{"embeddable":true,"href":"https:\/\/tendenciashabitat.com\/index.php?rest_route=\/wp\/v2\/users\/93"}],"replies":[{"embeddable":true,"href":"https:\/\/tendenciashabitat.com\/index.php?rest_route=%2Fwp%2Fv2%2Fcomments&post=6923"}],"version-history":[{"count":9,"href":"https:\/\/tendenciashabitat.com\/index.php?rest_route=\/wp\/v2\/posts\/6923\/revisions"}],"predecessor-version":[{"id":6961,"href":"https:\/\/tendenciashabitat.com\/index.php?rest_route=\/wp\/v2\/posts\/6923\/revisions\/6961"}],"wp:featuredmedia":[{"embeddable":true,"href":"https:\/\/tendenciashabitat.com\/index.php?rest_route=\/wp\/v2\/media\/6948"}],"wp:attachment":[{"href":"https:\/\/tendenciashabitat.com\/index.php?rest_route=%2Fwp%2Fv2%2Fmedia&parent=6923"}],"wp:term":[{"taxonomy":"category","embeddable":true,"href":"https:\/\/tendenciashabitat.com\/index.php?rest_route=%2Fwp%2Fv2%2Fcategories&post=6923"},{"taxonomy":"post_tag","embeddable":true,"href":"https:\/\/tendenciashabitat.com\/index.php?rest_route=%2Fwp%2Fv2%2Ftags&post=6923"}],"curies":[{"name":"wp","href":"https:\/\/api.w.org\/{rel}","templated":true}]}}