{"id":6993,"date":"2024-07-09T14:24:30","date_gmt":"2024-07-09T12:24:30","guid":{"rendered":"https:\/\/tendenciashabitat.com\/?p=6993"},"modified":"2024-07-10T08:42:10","modified_gmt":"2024-07-10T06:42:10","slug":"monografico-tendencias-textil-hogar-2021-2-2","status":"publish","type":"post","link":"https:\/\/tendenciashabitat.com\/?p=6993","title":{"rendered":"MONOGR\u00c1FICO OTH &#8211; MATERIALES INNOVADORES"},"content":{"rendered":"\n<p>Presentamos el sexto monogr\u00e1fico realizado por el&nbsp; <strong>Observatorio de Tendencias del H\u00e1bitat<\/strong>, en esta ocasi\u00f3n lo enfocamos a la investigaci\u00f3n en Materiales. La informaci\u00f3n recopilada es fruto de la investigaci\u00f3n continua que viene haciendo el observatorio y responde al objetivo estrat\u00e9gico de dotar a las empresas de herramientas \u00fatiles para la innovaci\u00f3n en el hipersector del h\u00e1bitat.&nbsp;<\/p>\n\n\n\n<p>Este documento es una selecci\u00f3n de materiales de reciente creaci\u00f3n y de uso todav\u00eda incipiente en la fabricaci\u00f3n de productos para el h\u00e1bitat.&nbsp;<\/p>\n\n\n\n<p>Nos encontramos en un momento \u00e1lgido respecto a la incorporaci\u00f3n de materiales in\u00e9ditos a los procesos productivos, fruto de los esfuerzos de I+D+i en materias primas, conceptos, procesos, productos y equipamiento para instalaciones.&nbsp;<\/p>\n\n\n\n<p>La publicaci\u00f3n est\u00e1 dirigida a profesionales de las industrias del h\u00e1bitat (mueble, cer\u00e1mica, textil-hogar, etc.). Nace con la vocaci\u00f3n de servir de inspiraci\u00f3n a profesionales y fabricantes para sus proyectos y a su vez pretende que el dise\u00f1o estrat\u00e9gico forme parte, cada vez m\u00e1s, del valor diferencial de nuestra industria en el mercado global.<\/p>\n\n\n\n<figure class=\"wp-block-image size-large\"><img loading=\"lazy\" width=\"1024\" height=\"573\" src=\"https:\/\/tendenciashabitat.com\/wp-content\/uploads\/sites\/5\/2024\/07\/Captura-de-pantalla-2024-07-09-141602-1024x573.jpg\" alt=\"\" class=\"wp-image-6996\" srcset=\"https:\/\/tendenciashabitat.com\/wp-content\/uploads\/sites\/5\/2024\/07\/Captura-de-pantalla-2024-07-09-141602-1024x573.jpg 1024w, https:\/\/tendenciashabitat.com\/wp-content\/uploads\/sites\/5\/2024\/07\/Captura-de-pantalla-2024-07-09-141602-300x168.jpg 300w, https:\/\/tendenciashabitat.com\/wp-content\/uploads\/sites\/5\/2024\/07\/Captura-de-pantalla-2024-07-09-141602-768x430.jpg 768w, https:\/\/tendenciashabitat.com\/wp-content\/uploads\/sites\/5\/2024\/07\/Captura-de-pantalla-2024-07-09-141602-1536x859.jpg 1536w, https:\/\/tendenciashabitat.com\/wp-content\/uploads\/sites\/5\/2024\/07\/Captura-de-pantalla-2024-07-09-141602.jpg 1909w\" sizes=\"(max-width: 1024px) 100vw, 1024px\" \/><\/figure>\n\n\n\n<div class=\"wp-block-buttons\">\n<div class=\"wp-block-button is-style-fill\"><a class=\"wp-block-button__link has-black-color has-cyan-bluish-gray-background-color has-text-color has-background\" href=\"https:\/\/payhip.com\/b\/ZGNvM\" target=\"_blank\" rel=\"https:\/\/payhip.com\/b\/HR2b noopener noreferrer\">Desc\u00e1rgatelo aqu\u00ed<\/a><\/div>\n<\/div>\n\n\n\n<p>Financiado por:<\/p>\n\n\n\n<figure class=\"wp-block-image size-large is-resized\"><img loading=\"lazy\" src=\"https:\/\/tendenciashabitat.com\/wp-content\/uploads\/sites\/5\/2024\/07\/IVACEi_GENERALITAT_01_CONSELLERIA_VAL-1024x263.png\" alt=\"\" class=\"wp-image-6983\" width=\"496\" height=\"127\" srcset=\"https:\/\/tendenciashabitat.com\/wp-content\/uploads\/sites\/5\/2024\/07\/IVACEi_GENERALITAT_01_CONSELLERIA_VAL-1024x263.png 1024w, https:\/\/tendenciashabitat.com\/wp-content\/uploads\/sites\/5\/2024\/07\/IVACEi_GENERALITAT_01_CONSELLERIA_VAL-300x77.png 300w, https:\/\/tendenciashabitat.com\/wp-content\/uploads\/sites\/5\/2024\/07\/IVACEi_GENERALITAT_01_CONSELLERIA_VAL-768x197.png 768w, https:\/\/tendenciashabitat.com\/wp-content\/uploads\/sites\/5\/2024\/07\/IVACEi_GENERALITAT_01_CONSELLERIA_VAL-1536x394.png 1536w, https:\/\/tendenciashabitat.com\/wp-content\/uploads\/sites\/5\/2024\/07\/IVACEi_GENERALITAT_01_CONSELLERIA_VAL.png 1632w\" sizes=\"(max-width: 496px) 100vw, 496px\" \/><\/figure>\n\n\n\n<p>Reallizado por:<\/p>\n\n\n\n<figure class=\"wp-block-image size-large is-resized\"><img loading=\"lazy\" src=\"https:\/\/tendenciashabitat.com\/wp-content\/uploads\/sites\/5\/2024\/07\/ITC-AIDIMME-AITEX-negro-02-1024x178.png\" alt=\"\" class=\"wp-image-6998\" width=\"452\" height=\"78\" srcset=\"https:\/\/tendenciashabitat.com\/wp-content\/uploads\/sites\/5\/2024\/07\/ITC-AIDIMME-AITEX-negro-02-1024x178.png 1024w, https:\/\/tendenciashabitat.com\/wp-content\/uploads\/sites\/5\/2024\/07\/ITC-AIDIMME-AITEX-negro-02-300x52.png 300w, https:\/\/tendenciashabitat.com\/wp-content\/uploads\/sites\/5\/2024\/07\/ITC-AIDIMME-AITEX-negro-02-768x134.png 768w, https:\/\/tendenciashabitat.com\/wp-content\/uploads\/sites\/5\/2024\/07\/ITC-AIDIMME-AITEX-negro-02-1536x267.png 1536w, https:\/\/tendenciashabitat.com\/wp-content\/uploads\/sites\/5\/2024\/07\/ITC-AIDIMME-AITEX-negro-02-2048x356.png 2048w\" sizes=\"(max-width: 452px) 100vw, 452px\" \/><\/figure>\n<!-- AddThis Advanced Settings generic via filter on the_content --><!-- AddThis Share Buttons generic via filter on the_content -->","protected":false},"excerpt":{"rendered":"<p>Presentamos el sexto monogr\u00e1fico realizado por el&nbsp; Observatorio de Tendencias del H\u00e1bitat, en esta ocasi\u00f3n lo enfocamos a la investigaci\u00f3n en Materiales. La informaci\u00f3n recopilada es fruto de la investigaci\u00f3n continua que viene haciendo el observatorio y responde al objetivo estrat\u00e9gico de dotar a las empresas&#46;&#46;&#46;<!-- AddThis Advanced Settings generic via filter on get_the_excerpt --><!-- AddThis Share Buttons generic via filter on get_the_excerpt --><\/p>\n","protected":false},"author":32,"featured_media":7001,"comment_status":"closed","ping_status":"closed","sticky":true,"template":"","format":"standard","meta":{"_mi_skip_tracking":false,"_links_to":"","_links_to_target":""},"categories":[56],"tags":[177,176],"_links":{"self":[{"href":"https:\/\/tendenciashabitat.com\/index.php?rest_route=\/wp\/v2\/posts\/6993"}],"collection":[{"href":"https:\/\/tendenciashabitat.com\/index.php?rest_route=\/wp\/v2\/posts"}],"about":[{"href":"https:\/\/tendenciashabitat.com\/index.php?rest_route=\/wp\/v2\/types\/post"}],"author":[{"embeddable":true,"href":"https:\/\/tendenciashabitat.com\/index.php?rest_route=\/wp\/v2\/users\/32"}],"replies":[{"embeddable":true,"href":"https:\/\/tendenciashabitat.com\/index.php?rest_route=%2Fwp%2Fv2%2Fcomments&post=6993"}],"version-history":[{"count":4,"href":"https:\/\/tendenciashabitat.com\/index.php?rest_route=\/wp\/v2\/posts\/6993\/revisions"}],"predecessor-version":[{"id":7005,"href":"https:\/\/tendenciashabitat.com\/index.php?rest_route=\/wp\/v2\/posts\/6993\/revisions\/7005"}],"wp:featuredmedia":[{"embeddable":true,"href":"https:\/\/tendenciashabitat.com\/index.php?rest_route=\/wp\/v2\/media\/7001"}],"wp:attachment":[{"href":"https:\/\/tendenciashabitat.com\/index.php?rest_route=%2Fwp%2Fv2%2Fmedia&parent=6993"}],"wp:term":[{"taxonomy":"category","embeddable":true,"href":"https:\/\/tendenciashabitat.com\/index.php?rest_route=%2Fwp%2Fv2%2Fcategories&post=6993"},{"taxonomy":"post_tag","embeddable":true,"href":"https:\/\/tendenciashabitat.com\/index.php?rest_route=%2Fwp%2Fv2%2Ftags&post=6993"}],"curies":[{"name":"wp","href":"https:\/\/api.w.org\/{rel}","templated":true}]}}