{"id":706,"date":"2010-05-18T11:29:28","date_gmt":"2010-05-18T10:29:28","guid":{"rendered":"http:\/\/blogitc.itc.uji.es\/?p=706"},"modified":"2010-05-18T11:29:28","modified_gmt":"2010-05-18T10:29:28","slug":"presentacion-oficial","status":"publish","type":"post","link":"https:\/\/tendenciashabitat.com\/?p=706","title":{"rendered":"Presentaci\u00f3n oficial"},"content":{"rendered":"<p>Ayer, lunes 17 de mayo, presentamos de forma oficial el nuevo Cuaderno de Tendencias del H\u00e1bitat 10\/11 en REDIT (Valencia) con el Conseller de Industria, Comercio e Innovaci\u00f3n. Gracias a todos los asistentes por el apoyo y el calurosa recibimiento.<\/p>\n<p>En breve comenzaremos las primeras jornadas sobre las Tendencias del H\u00e1bitat 10\/11 y,\u00a0como todos los a\u00f1os, empezaremos en casa, de modo que atentos, porque en unos d\u00edas desvelaremos las fechas de los primeros encuentros en Castell\u00f3n, Valencia y Oteniente. Esperamos veros a todos por all\u00ed.<\/p>\n<p style=\"text-align: center;\"><img loading=\"lazy\" class=\"aligncenter size-large wp-image-707\" title=\"pres\" src=\"http:\/\/oth.aidimmeblogs.aidimme.es\/wp-content\/uploads\/sites\/5\/2010\/05\/pres-1024x682.jpg\" alt=\"pres\" width=\"655\" height=\"437\" \/><\/p>\n<!-- AddThis Advanced Settings generic via filter on the_content --><!-- AddThis Share Buttons generic via filter on the_content -->","protected":false},"excerpt":{"rendered":"<p>Ayer, lunes 17 de mayo, presentamos de forma oficial el nuevo Cuaderno de Tendencias del H\u00e1bitat 10\/11 en REDIT (Valencia) con el Conseller de Industria, Comercio e Innovaci\u00f3n. Gracias a todos los asistentes por el apoyo y el calurosa recibimiento. En breve comenzaremos las primeras jornadas&#46;&#46;&#46;<!-- AddThis Advanced Settings generic via filter on get_the_excerpt --><!-- AddThis Share Buttons generic via filter on get_the_excerpt --><\/p>\n","protected":false},"author":7,"featured_media":0,"comment_status":"open","ping_status":"open","sticky":false,"template":"","format":"standard","meta":{"_mi_skip_tracking":false,"_links_to":"","_links_to_target":""},"categories":[2,10,11,14],"tags":[],"_links":{"self":[{"href":"https:\/\/tendenciashabitat.com\/index.php?rest_route=\/wp\/v2\/posts\/706"}],"collection":[{"href":"https:\/\/tendenciashabitat.com\/index.php?rest_route=\/wp\/v2\/posts"}],"about":[{"href":"https:\/\/tendenciashabitat.com\/index.php?rest_route=\/wp\/v2\/types\/post"}],"author":[{"embeddable":true,"href":"https:\/\/tendenciashabitat.com\/index.php?rest_route=\/wp\/v2\/users\/7"}],"replies":[{"embeddable":true,"href":"https:\/\/tendenciashabitat.com\/index.php?rest_route=%2Fwp%2Fv2%2Fcomments&post=706"}],"version-history":[{"count":0,"href":"https:\/\/tendenciashabitat.com\/index.php?rest_route=\/wp\/v2\/posts\/706\/revisions"}],"wp:attachment":[{"href":"https:\/\/tendenciashabitat.com\/index.php?rest_route=%2Fwp%2Fv2%2Fmedia&parent=706"}],"wp:term":[{"taxonomy":"category","embeddable":true,"href":"https:\/\/tendenciashabitat.com\/index.php?rest_route=%2Fwp%2Fv2%2Fcategories&post=706"},{"taxonomy":"post_tag","embeddable":true,"href":"https:\/\/tendenciashabitat.com\/index.php?rest_route=%2Fwp%2Fv2%2Ftags&post=706"}],"curies":[{"name":"wp","href":"https:\/\/api.w.org\/{rel}","templated":true}]}}