{"id":716,"date":"2010-06-01T10:05:38","date_gmt":"2010-06-01T09:05:38","guid":{"rendered":"http:\/\/blogitc.itc.uji.es\/?p=716"},"modified":"2010-06-01T10:05:38","modified_gmt":"2010-06-01T09:05:38","slug":"milan-esta-lleno-de-sorpresas","status":"publish","type":"post","link":"https:\/\/tendenciashabitat.com\/?p=716","title":{"rendered":"Mil\u00e1n est\u00e1 lleno de sorpresas"},"content":{"rendered":"<p>Hace tiempo que el volc\u00e1n nos dej\u00f3 volver la Feria de Mil\u00e1n, pero ahora estamos revolviendo entre la maleta y nos estamos encontrando muchas cosas interesantes. De algunas os hablaremos en las pr\u00f3ximas jornadas de junio donde presentaremos los resultados del \u00faltimo a\u00f1o de investigaci\u00f3n (os informaremos muy pronto), otras cositas que hemos visto las iremos colgando en el blog.<\/p>\n<p>Hasta entonces os dejamos con esta preciosa fotograf\u00eda para el deleite de todos los fan\u00e1ticos del dise\u00f1o gr\u00e1fico:<\/p>\n<div id=\"attachment_715\" style=\"width: 829px\" class=\"wp-caption aligncenter\"><img aria-describedby=\"caption-attachment-715\" loading=\"lazy\" class=\"size-large wp-image-715\" title=\"blue_objects\" src=\"http:\/\/oth.aidimmeblogs.aidimme.es\/wp-content\/uploads\/sites\/5\/2010\/05\/blue_objects-1024x685.jpg\" alt=\"blue_objects\" width=\"819\" height=\"548\" \/><p id=\"caption-attachment-715\" class=\"wp-caption-text\">25 d\u00edas es un proyecto de estancia creativa donde 15 creativos reflexionan sobre los 25 a\u00f1os de la marca GAS<\/p><\/div>\n<!-- AddThis Advanced Settings generic via filter on the_content --><!-- AddThis Share Buttons generic via filter on the_content -->","protected":false},"excerpt":{"rendered":"<p>Hace tiempo que el volc\u00e1n nos dej\u00f3 volver la Feria de Mil\u00e1n, pero ahora estamos revolviendo entre la maleta y nos estamos encontrando muchas cosas interesantes. De algunas os hablaremos en las pr\u00f3ximas jornadas de junio donde presentaremos los resultados del \u00faltimo a\u00f1o de investigaci\u00f3n (os&#46;&#46;&#46;<!-- AddThis Advanced Settings generic via filter on get_the_excerpt --><!-- AddThis Share Buttons generic via filter on get_the_excerpt --><\/p>\n","protected":false},"author":7,"featured_media":0,"comment_status":"open","ping_status":"open","sticky":false,"template":"","format":"standard","meta":{"_mi_skip_tracking":false,"_links_to":"","_links_to_target":""},"categories":[16,20,24],"tags":[],"_links":{"self":[{"href":"https:\/\/tendenciashabitat.com\/index.php?rest_route=\/wp\/v2\/posts\/716"}],"collection":[{"href":"https:\/\/tendenciashabitat.com\/index.php?rest_route=\/wp\/v2\/posts"}],"about":[{"href":"https:\/\/tendenciashabitat.com\/index.php?rest_route=\/wp\/v2\/types\/post"}],"author":[{"embeddable":true,"href":"https:\/\/tendenciashabitat.com\/index.php?rest_route=\/wp\/v2\/users\/7"}],"replies":[{"embeddable":true,"href":"https:\/\/tendenciashabitat.com\/index.php?rest_route=%2Fwp%2Fv2%2Fcomments&post=716"}],"version-history":[{"count":0,"href":"https:\/\/tendenciashabitat.com\/index.php?rest_route=\/wp\/v2\/posts\/716\/revisions"}],"wp:attachment":[{"href":"https:\/\/tendenciashabitat.com\/index.php?rest_route=%2Fwp%2Fv2%2Fmedia&parent=716"}],"wp:term":[{"taxonomy":"category","embeddable":true,"href":"https:\/\/tendenciashabitat.com\/index.php?rest_route=%2Fwp%2Fv2%2Fcategories&post=716"},{"taxonomy":"post_tag","embeddable":true,"href":"https:\/\/tendenciashabitat.com\/index.php?rest_route=%2Fwp%2Fv2%2Ftags&post=716"}],"curies":[{"name":"wp","href":"https:\/\/api.w.org\/{rel}","templated":true}]}}