{"id":734,"date":"2010-06-11T12:12:15","date_gmt":"2010-06-11T11:12:15","guid":{"rendered":"http:\/\/blogitc.itc.uji.es\/?p=734"},"modified":"2010-06-11T12:12:15","modified_gmt":"2010-06-11T11:12:15","slug":"jornada-de-castellon","status":"publish","type":"post","link":"https:\/\/tendenciashabitat.com\/?p=734","title":{"rendered":"Jornada de Castell\u00f3n"},"content":{"rendered":"<p>Gracias a todos los asistentes a la jornada de presentaci\u00f3n del Cuaderno de Tendencias del H\u00e1bitat 10\/11, en especial a aquellos que os tomasteis la molestia de viajar en coche desde lejos para venir a vernos. Proximamente continuaremos nuestro tour con una presentaci\u00f3n en Ontinyent el martes 15 de junio y dos en Valencia el 22 de junio. <a href=\"http:\/\/oth.aidimmeblogs.aidimme.es\/?p=721\">+info<\/a><\/p>\n<p style=\"text-align: center;\"><img loading=\"lazy\" class=\"size-full wp-image-733  aligncenter\" title=\"img_7578-ok_reducida\" src=\"http:\/\/oth.aidimmeblogs.aidimme.es\/wp-content\/uploads\/sites\/5\/2010\/06\/img_7578-ok_reducida.jpg\" alt=\"img_7578-ok_reducida\" width=\"500\" height=\"333\" \/><\/p>\n<p style=\"text-align: center;\"><img loading=\"lazy\" class=\"aligncenter size-full wp-image-732\" title=\"img_0469-ok_reducida\" src=\"http:\/\/oth.aidimmeblogs.aidimme.es\/wp-content\/uploads\/sites\/5\/2010\/06\/img_0469-ok_reducida.jpg\" alt=\"img_0469-ok_reducida\" width=\"500\" height=\"375\" \/><\/p>\n<!-- AddThis Advanced Settings generic via filter on the_content --><!-- AddThis Share Buttons generic via filter on the_content -->","protected":false},"excerpt":{"rendered":"<p>Gracias a todos los asistentes a la jornada de presentaci\u00f3n del Cuaderno de Tendencias del H\u00e1bitat 10\/11, en especial a aquellos que os tomasteis la molestia de viajar en coche desde lejos para venir a vernos. Proximamente continuaremos nuestro tour con una presentaci\u00f3n en Ontinyent el&#46;&#46;&#46;<!-- AddThis Advanced Settings generic via filter on get_the_excerpt --><!-- AddThis Share Buttons generic via filter on get_the_excerpt --><\/p>\n","protected":false},"author":7,"featured_media":0,"comment_status":"open","ping_status":"open","sticky":false,"template":"","format":"standard","meta":{"_mi_skip_tracking":false,"_links_to":"","_links_to_target":""},"categories":[2],"tags":[],"_links":{"self":[{"href":"https:\/\/tendenciashabitat.com\/index.php?rest_route=\/wp\/v2\/posts\/734"}],"collection":[{"href":"https:\/\/tendenciashabitat.com\/index.php?rest_route=\/wp\/v2\/posts"}],"about":[{"href":"https:\/\/tendenciashabitat.com\/index.php?rest_route=\/wp\/v2\/types\/post"}],"author":[{"embeddable":true,"href":"https:\/\/tendenciashabitat.com\/index.php?rest_route=\/wp\/v2\/users\/7"}],"replies":[{"embeddable":true,"href":"https:\/\/tendenciashabitat.com\/index.php?rest_route=%2Fwp%2Fv2%2Fcomments&post=734"}],"version-history":[{"count":0,"href":"https:\/\/tendenciashabitat.com\/index.php?rest_route=\/wp\/v2\/posts\/734\/revisions"}],"wp:attachment":[{"href":"https:\/\/tendenciashabitat.com\/index.php?rest_route=%2Fwp%2Fv2%2Fmedia&parent=734"}],"wp:term":[{"taxonomy":"category","embeddable":true,"href":"https:\/\/tendenciashabitat.com\/index.php?rest_route=%2Fwp%2Fv2%2Fcategories&post=734"},{"taxonomy":"post_tag","embeddable":true,"href":"https:\/\/tendenciashabitat.com\/index.php?rest_route=%2Fwp%2Fv2%2Ftags&post=734"}],"curies":[{"name":"wp","href":"https:\/\/api.w.org\/{rel}","templated":true}]}}